{"id":987,"date":"2020-04-30T14:09:53","date_gmt":"2020-04-30T14:09:53","guid":{"rendered":"http:\/\/lalorrainedesecrivains.fr\/?p=987"},"modified":"2026-04-03T10:01:18","modified_gmt":"2026-04-03T10:01:18","slug":"les-femmes-syndicalisees-des-tricoteries-de-chaligny","status":"publish","type":"post","link":"https:\/\/lalorrainedesecrivains.fr\/?p=987","title":{"rendered":"Les femmes syndicalis\u00e9es des tricoteries de Chaligny"},"content":{"rendered":"\n<figure class=\"wp-block-audio\"><audio controls src=\"http:\/\/lalorrainedesecrivains.fr\/audio\/69.mp3\"><\/audio><\/figure>\n\n\n\n<p><\/p>\n\n\n\n<p><strong>Lieu \u00e9voqu\u00e9 : La Filoche, Chaligny<\/strong>.<\/p>\n\n\n\n<p>\u00ab\u00a0Les tricoteries de Chaligny sont la sc\u00e8ne sociale o\u00f9 je vais pouvoir pour la premi\u00e8re fois exercer mes capacit\u00e9s de \u00ab Nordiste sup\u00e9rieurement politis\u00e9e et syndicalis\u00e9e \u00bb, d\u00e8s mon arriv\u00e9e \u00e0 Nancy.<br>Les disciples de Chaligny, toutes des femmes, m\u2019accueillent gentiment, mais sans enthousiasme excessif. J\u2019ai commenc\u00e9 \u00e0 appr\u00e9cier les capacit\u00e9s culinaires de ces dames. On a bu des bons coups et on a commenc\u00e9 \u00e0 pleurer. En revanche, mon leadership ne les a pas vraiment frapp\u00e9es. Les regards restaient tourn\u00e9s vers Michel Bertelle, le secr\u00e9taire de l\u2019UD seul guide charismatique des quinze jours de gr\u00e8ve, avec occupation de l\u2019atelier, qui ont fleuri au printemps 1971 [\u2026] Il faut dire que le pompon \u00e0 d\u00e9crocher \u00e9tait l\u2019\u00e9chec \u00e0 la fermeture de l\u2019atelier programm\u00e9 \u00e0 la veille des vacances. [\u2026] L\u2019ann\u00e9e se termine par le licenciement de toutes les \u00e9lues du personnel. En revanche, aucune des simples ouvri\u00e8res ne sera remerci\u00e9e lors de la reprise de la production. La plupart des d\u00e9l\u00e9gu\u00e9es seront r\u00e9embauch\u00e9es ailleurs.\u00a0\u00bb<\/p>\n\n\n\n<p><strong>Janine Olmi, <em>La Pasionaria rouge, itin\u00e9raire d\u2019une femme du fer<\/em>, \u00c9ditions Serpenoise, 2009, p. 81-82.<\/strong><\/p>\n\n\n\n<p><strong><sup>Iconographie : <a href=\"https:\/\/galeries.limedia.fr\/ark:\/31124\/dpnp5d9zwnxxnfmp\/\" data-type=\"URL\" data-id=\"https:\/\/galeries.limedia.fr\/ark:\/31124\/dpnp5d9zwnxxnfmp\/\">Lim\u00e9dia galeries<\/a><\/sup><\/strong><\/p>\n\n\n\n<iframe loading=\"lazy\" allowfullscreen=\"\" src=\"\/\/umap.openstreetmap.fr\/fr\/map\/la-lorraine-des-ecrivains_50581?scaleControl=false&amp;miniMap=false&amp;scrollWheelZoom=true&amp;zoomControl=null&amp;allowEdit=false&amp;moreControl=false&amp;searchControl=null&amp;tilelayersControl=null&amp;embedControl=null&amp;datalayersControl=null&amp;onLoadPanel=undefined&amp;captionBar=false&amp;fullscreenControl=true#15\/48.6179\/6.0945\" width=\"100%\" height=\"300px\" frameborder=\"0\"><\/iframe>\n","protected":false},"excerpt":{"rendered":"<p>Lieu \u00e9voqu\u00e9 : La Filoche, Chaligny. \u00ab\u00a0Les tricoteries de Chaligny sont la sc\u00e8ne sociale o\u00f9 je vais pouvoir pour la premi\u00e8re fois exercer mes capacit\u00e9s de \u00ab Nordiste sup\u00e9rieurement politis\u00e9e et syndicalis\u00e9e \u00bb, d\u00e8s mon arriv\u00e9e \u00e0 Nancy.Les disciples de Chaligny, toutes des femmes, m\u2019accueillent gentiment, mais sans enthousiasme excessif. [&hellip;]<\/p>\n","protected":false},"author":1,"featured_media":5514,"comment_status":"closed","ping_status":"open","sticky":false,"template":"","format":"standard","meta":[],"categories":[88],"tags":[],"_links":{"self":[{"href":"https:\/\/lalorrainedesecrivains.fr\/index.php?rest_route=\/wp\/v2\/posts\/987"}],"collection":[{"href":"https:\/\/lalorrainedesecrivains.fr\/index.php?rest_route=\/wp\/v2\/posts"}],"about":[{"href":"https:\/\/lalorrainedesecrivains.fr\/index.php?rest_route=\/wp\/v2\/types\/post"}],"author":[{"embeddable":true,"href":"https:\/\/lalorrainedesecrivains.fr\/index.php?rest_route=\/wp\/v2\/users\/1"}],"replies":[{"embeddable":true,"href":"https:\/\/lalorrainedesecrivains.fr\/index.php?rest_route=%2Fwp%2Fv2%2Fcomments&post=987"}],"version-history":[{"count":5,"href":"https:\/\/lalorrainedesecrivains.fr\/index.php?rest_route=\/wp\/v2\/posts\/987\/revisions"}],"predecessor-version":[{"id":5515,"href":"https:\/\/lalorrainedesecrivains.fr\/index.php?rest_route=\/wp\/v2\/posts\/987\/revisions\/5515"}],"wp:featuredmedia":[{"embeddable":true,"href":"https:\/\/lalorrainedesecrivains.fr\/index.php?rest_route=\/wp\/v2\/media\/5514"}],"wp:attachment":[{"href":"https:\/\/lalorrainedesecrivains.fr\/index.php?rest_route=%2Fwp%2Fv2%2Fmedia&parent=987"}],"wp:term":[{"taxonomy":"category","embeddable":true,"href":"https:\/\/lalorrainedesecrivains.fr\/index.php?rest_route=%2Fwp%2Fv2%2Fcategories&post=987"},{"taxonomy":"post_tag","embeddable":true,"href":"https:\/\/lalorrainedesecrivains.fr\/index.php?rest_route=%2Fwp%2Fv2%2Ftags&post=987"}],"curies":[{"name":"wp","href":"https:\/\/api.w.org\/{rel}","templated":true}]}}