{"id":933,"date":"2020-04-24T13:03:52","date_gmt":"2020-04-24T13:03:52","guid":{"rendered":"http:\/\/lalorrainedesecrivains.fr\/?p=933"},"modified":"2026-04-03T10:24:21","modified_gmt":"2026-04-03T10:24:21","slug":"la-formation-dune-bibliotheque-publique-a-nancy-par-ledit-du-28-decembre-1750","status":"publish","type":"post","link":"https:\/\/lalorrainedesecrivains.fr\/?p=933","title":{"rendered":"\u00ab\u00a0La formation d&rsquo;une biblioth\u00e8que  publique \u00e0 Nancy par l&rsquo;\u00e9dit du 28 d\u00e9cembre 1750\u00a0\u00bb"},"content":{"rendered":"\n<figure class=\"wp-block-audio\"><audio controls src=\"http:\/\/lalorrainedesecrivains.fr\/audio\/61.mp3\"><\/audio><\/figure>\n\n\n\n<p><\/p>\n\n\n\n<p><strong>Lieu \u00e9voqu\u00e9 : Biblioth\u00e8que Stanislas, Nancy<\/strong>.<\/p>\n\n\n<div class=\"wp-block-image\">\n<figure class=\"aligncenter size-large is-resized\"><img decoding=\"async\" loading=\"lazy\" src=\"https:\/\/lalorrainedesecrivains.fr\/wp-content\/uploads\/2021\/06\/B543956101_M-TS-ES-00205-1-653x1024.jpg\" alt=\"\" class=\"wp-image-2702\" width=\"403\" height=\"631\" srcset=\"https:\/\/lalorrainedesecrivains.fr\/wp-content\/uploads\/2021\/06\/B543956101_M-TS-ES-00205-1-653x1024.jpg 653w, https:\/\/lalorrainedesecrivains.fr\/wp-content\/uploads\/2021\/06\/B543956101_M-TS-ES-00205-1-191x300.jpg 191w, https:\/\/lalorrainedesecrivains.fr\/wp-content\/uploads\/2021\/06\/B543956101_M-TS-ES-00205-1-768x1204.jpg 768w, https:\/\/lalorrainedesecrivains.fr\/wp-content\/uploads\/2021\/06\/B543956101_M-TS-ES-00205-1-980x1536.jpg 980w, https:\/\/lalorrainedesecrivains.fr\/wp-content\/uploads\/2021\/06\/B543956101_M-TS-ES-00205-1-1307x2048.jpg 1307w, https:\/\/lalorrainedesecrivains.fr\/wp-content\/uploads\/2021\/06\/B543956101_M-TS-ES-00205-1.jpg 1597w\" sizes=\"(max-width: 403px) 100vw, 403px\" \/><\/figure><\/div>\n\n\n<p><\/p>\n\n\n\n<p>\u00ab\u00a0Nous ferons rapidement, (\u2026), l&rsquo;historique de la biblioth\u00e8que municipale de Nancy (\u2026).<br><br>Ce fut Stanislas, ancien roi de Pologne, alors duc de Lorraine et de Bar, qui d\u00e9cida la formation d&rsquo;une biblioth\u00e8que publique \u00e0 Nancy par l&rsquo;\u00e9dit du 28 d\u00e9cembre 1750. On lisait dans cet \u00e9dit :<br><br>\u00ab Rien ne contribuant plus efficacement \u00e0 procurer aux hommes des avantages solides que de les mettre \u00e0 port\u00e9e de cultiver les sciences, les lettres et les arts, nous avons fort \u00e0 c\u0153ur de fournir \u00e0 nos sujets les secours n\u00e9cessaires pour parvenir \u00e0 une fin si d\u00e9sirable par la formation d&rsquo;une biblioth\u00e8que publique, o\u00f9 chacun pourra puiser de quoi se perfectionner dans le genre d&rsquo;\u00e9tude qu&rsquo;il aura embrass\u00e9. Nous pr\u00e9f\u00e9rons cet \u00e9tablissement \u00e0 celui d&rsquo;une Acad\u00e9mie, qui ne peut \u00eatre utilement compos\u00e9e que de sujets d\u00e9j\u00e0 en r\u00e9putation par les ouvrages qui auraient m\u00e9rit\u00e9 l&rsquo;approbation du public.\u00bb\u00a0\u00bb<\/p>\n\n\n\n<p><strong>Camille Thiaucourt,<em> Les Biblioth\u00e8ques de Strasbourg et de Nancy<\/em>, Berger-Levrault, 1893, p. 52-53<\/strong>.<\/p>\n\n\n\n<p><strong><sup>Iconographie : Biblioth\u00e8ques de Nancy<\/sup><\/strong><\/p>\n\n\n\n<iframe loading=\"lazy\" allowfullscreen=\"\" src=\"\/\/umap.openstreetmap.fr\/fr\/map\/la-lorraine-des-ecrivains_50581?scaleControl=false&amp;miniMap=false&amp;scrollWheelZoom=true&amp;zoomControl=null&amp;allowEdit=false&amp;moreControl=false&amp;searchControl=null&amp;tilelayersControl=null&amp;embedControl=null&amp;datalayersControl=null&amp;onLoadPanel=undefined&amp;captionBar=false&amp;fullscreenControl=true#19\/48.69210\/6.17936\" width=\"100%\" height=\"300px\" frameborder=\"0\"><\/iframe>\n","protected":false},"excerpt":{"rendered":"<p>Lieu \u00e9voqu\u00e9 : Biblioth\u00e8que Stanislas, Nancy. \u00ab\u00a0Nous ferons rapidement, (\u2026), l&rsquo;historique de la biblioth\u00e8que municipale de Nancy (\u2026). Ce fut Stanislas, ancien roi de Pologne, alors duc de Lorraine et de Bar, qui d\u00e9cida la formation d&rsquo;une biblioth\u00e8que publique \u00e0 Nancy par l&rsquo;\u00e9dit du 28 d\u00e9cembre 1750. On lisait dans [&hellip;]<\/p>\n","protected":false},"author":1,"featured_media":936,"comment_status":"closed","ping_status":"open","sticky":false,"template":"","format":"standard","meta":[],"categories":[87],"tags":[],"_links":{"self":[{"href":"https:\/\/lalorrainedesecrivains.fr\/index.php?rest_route=\/wp\/v2\/posts\/933"}],"collection":[{"href":"https:\/\/lalorrainedesecrivains.fr\/index.php?rest_route=\/wp\/v2\/posts"}],"about":[{"href":"https:\/\/lalorrainedesecrivains.fr\/index.php?rest_route=\/wp\/v2\/types\/post"}],"author":[{"embeddable":true,"href":"https:\/\/lalorrainedesecrivains.fr\/index.php?rest_route=\/wp\/v2\/users\/1"}],"replies":[{"embeddable":true,"href":"https:\/\/lalorrainedesecrivains.fr\/index.php?rest_route=%2Fwp%2Fv2%2Fcomments&post=933"}],"version-history":[{"count":14,"href":"https:\/\/lalorrainedesecrivains.fr\/index.php?rest_route=\/wp\/v2\/posts\/933\/revisions"}],"predecessor-version":[{"id":5527,"href":"https:\/\/lalorrainedesecrivains.fr\/index.php?rest_route=\/wp\/v2\/posts\/933\/revisions\/5527"}],"wp:featuredmedia":[{"embeddable":true,"href":"https:\/\/lalorrainedesecrivains.fr\/index.php?rest_route=\/wp\/v2\/media\/936"}],"wp:attachment":[{"href":"https:\/\/lalorrainedesecrivains.fr\/index.php?rest_route=%2Fwp%2Fv2%2Fmedia&parent=933"}],"wp:term":[{"taxonomy":"category","embeddable":true,"href":"https:\/\/lalorrainedesecrivains.fr\/index.php?rest_route=%2Fwp%2Fv2%2Fcategories&post=933"},{"taxonomy":"post_tag","embeddable":true,"href":"https:\/\/lalorrainedesecrivains.fr\/index.php?rest_route=%2Fwp%2Fv2%2Ftags&post=933"}],"curies":[{"name":"wp","href":"https:\/\/api.w.org\/{rel}","templated":true}]}}