{"id":926,"date":"2020-04-24T08:00:00","date_gmt":"2020-04-24T08:00:00","guid":{"rendered":"http:\/\/lalorrainedesecrivains.fr\/?p=926"},"modified":"2026-04-08T08:03:14","modified_gmt":"2026-04-08T08:03:14","slug":"le-grand-cafe-foy","status":"publish","type":"post","link":"https:\/\/lalorrainedesecrivains.fr\/?p=926","title":{"rendered":"Le Grand Caf\u00e9 Foy"},"content":{"rendered":"\n<figure class=\"wp-block-audio\"><audio controls src=\"http:\/\/lalorrainedesecrivains.fr\/audio\/59.mp3\"><\/audio><\/figure>\n\n\n\n<p><\/p>\n\n\n\n<p><strong>Lieu \u00e9voqu\u00e9 : Place Stanislas, Nancy<\/strong>.<\/p>\n\n\n\n<p>\u00ab\u00a0Ce conte contemporain \u2013 voire d\u00e9compte \u2013 se loge dans les brumes et les ors de la Lorraine o\u00f9 je d\u00e9barque, en cet automne 2015, apr\u00e8s une longue absence.<br>Attabl\u00e9 \u00e0 la terrasse du <em>Foy<\/em>, Place Stanislas, je savoure l\u2019amertume de l\u2019automne parvenu \u00e0 maturit\u00e9 comme moi. Quelques feuilles indisciplin\u00e9es, \u00e9chapp\u00e9es des tilleuls qui garnissent le parc proche se posent sur les pav\u00e9s blancs bien polis. Du temps o\u00f9 j\u2019\u00e9tais \u00e9tudiant, cet espace \u00e9tait salement goudronn\u00e9 et on y garait sa voiture, quand on en avait une, jusqu\u2019au pied de la statue de Stanislas Leszcynski, serviteur des arts, \u00e0 qui la Lorraine est reconnaissante, selon l\u2019\u00e9pitaphe. Je me rem\u00e9more les rendez-vous que j\u2019ai donn\u00e9s sur ces marches. Satan\u00e9e m\u00e9moire s\u00e9lective qui me fait surtout me souvenir de ceux qui ont tourn\u00e9 court. J\u2019attendais, assis sur la pierre froide avec mon v\u00e9lo fix\u00e9 \u00e0 la marche par une p\u00e9dale. J\u2019attendais une femme qui m\u2019avait d\u00e9j\u00e0 oubli\u00e9. Caf\u00e9 ? S\u2019enquiert le serveur perspicace \u00e0 qui j\u2019ai fait signe. Je hoche la t\u00eate mais je n\u2019ai pas eu le temps d\u2019ajouter s\u2019il vous pla\u00eet. Les gens d\u2019aujourd\u2019hui ne sont pas moins bien \u00e9duqu\u00e9s qu\u2019autrefois, juste plus press\u00e9s. [\u2026]<br>Cette place Stanislas, l\u2019une des plus belles d\u2019Europe, je la contemple comme si c\u2019\u00e9tait la premi\u00e8re fois, saisi par la lumi\u00e8re que se renvoient les fa\u00e7ades de pierre claire : l\u2019h\u00f4tel de ville, o\u00f9 je ne me suis jamais mari\u00e9, l\u2019op\u00e9ra, flanqu\u00e9 du Grand h\u00f4tel de la reine.\u00a0\u00bb<\/p>\n\n\n\n<p><strong>Alixe Sylvestre, <em>La presqu\u2019\u00eele aux Oisanges<\/em>, \u00c9ditions Territoires T\u00e9moins, 2018, p. 12.<\/strong><\/p>\n\n\n\n<p><\/p>\n\n\n\n<iframe loading=\"lazy\" allowfullscreen=\"\" src=\"\/\/umap.openstreetmap.fr\/fr\/map\/la-lorraine-des-ecrivains_50581?scaleControl=false&amp;miniMap=false&amp;scrollWheelZoom=true&amp;zoomControl=null&amp;allowEdit=false&amp;moreControl=false&amp;searchControl=null&amp;tilelayersControl=null&amp;embedControl=null&amp;datalayersControl=null&amp;onLoadPanel=undefined&amp;captionBar=false&amp;fullscreenControl=true#19\/48.69331\/6.18253\" width=\"100%\" height=\"300px\" frameborder=\"0\"><\/iframe>\n","protected":false},"excerpt":{"rendered":"<p>Lieu \u00e9voqu\u00e9 : Place Stanislas, Nancy. \u00ab\u00a0Ce conte contemporain \u2013 voire d\u00e9compte \u2013 se loge dans les brumes et les ors de la Lorraine o\u00f9 je d\u00e9barque, en cet automne 2015, apr\u00e8s une longue absence.Attabl\u00e9 \u00e0 la terrasse du Foy, Place Stanislas, je savoure l\u2019amertume de l\u2019automne parvenu \u00e0 maturit\u00e9 [&hellip;]<\/p>\n","protected":false},"author":1,"featured_media":5542,"comment_status":"closed","ping_status":"open","sticky":false,"template":"","format":"standard","meta":[],"categories":[83],"tags":[],"_links":{"self":[{"href":"https:\/\/lalorrainedesecrivains.fr\/index.php?rest_route=\/wp\/v2\/posts\/926"}],"collection":[{"href":"https:\/\/lalorrainedesecrivains.fr\/index.php?rest_route=\/wp\/v2\/posts"}],"about":[{"href":"https:\/\/lalorrainedesecrivains.fr\/index.php?rest_route=\/wp\/v2\/types\/post"}],"author":[{"embeddable":true,"href":"https:\/\/lalorrainedesecrivains.fr\/index.php?rest_route=\/wp\/v2\/users\/1"}],"replies":[{"embeddable":true,"href":"https:\/\/lalorrainedesecrivains.fr\/index.php?rest_route=%2Fwp%2Fv2%2Fcomments&post=926"}],"version-history":[{"count":8,"href":"https:\/\/lalorrainedesecrivains.fr\/index.php?rest_route=\/wp\/v2\/posts\/926\/revisions"}],"predecessor-version":[{"id":5576,"href":"https:\/\/lalorrainedesecrivains.fr\/index.php?rest_route=\/wp\/v2\/posts\/926\/revisions\/5576"}],"wp:featuredmedia":[{"embeddable":true,"href":"https:\/\/lalorrainedesecrivains.fr\/index.php?rest_route=\/wp\/v2\/media\/5542"}],"wp:attachment":[{"href":"https:\/\/lalorrainedesecrivains.fr\/index.php?rest_route=%2Fwp%2Fv2%2Fmedia&parent=926"}],"wp:term":[{"taxonomy":"category","embeddable":true,"href":"https:\/\/lalorrainedesecrivains.fr\/index.php?rest_route=%2Fwp%2Fv2%2Fcategories&post=926"},{"taxonomy":"post_tag","embeddable":true,"href":"https:\/\/lalorrainedesecrivains.fr\/index.php?rest_route=%2Fwp%2Fv2%2Ftags&post=926"}],"curies":[{"name":"wp","href":"https:\/\/api.w.org\/{rel}","templated":true}]}}