{"id":908,"date":"2020-04-24T08:01:02","date_gmt":"2020-04-24T08:01:02","guid":{"rendered":"http:\/\/lalorrainedesecrivains.fr\/?p=908"},"modified":"2026-04-07T08:56:18","modified_gmt":"2026-04-07T08:56:18","slug":"le-parc-naturel-regional-de-lorraine-tout-en-poesie","status":"publish","type":"post","link":"https:\/\/lalorrainedesecrivains.fr\/?p=908","title":{"rendered":"Le Parc Naturel R\u00e9gional de Lorraine tout en po\u00e9sie"},"content":{"rendered":"\n<figure class=\"wp-block-audio\"><audio controls src=\"http:\/\/lalorrainedesecrivains.fr\/audio\/54.mp3\"><\/audio><\/figure>\n\n\n\n<p><\/p>\n\n\n\n<p><strong>Lieu \u00e9voqu\u00e9 : \u00c9tang de Lachauss\u00e9e, Lachauss\u00e9e.<\/strong><\/p>\n\n\n\n<p>\u00ab\u00a0Le ciel pose \u00e0 peine sur les arbres d\u00e9pouill\u00e9s, l&rsquo;air d&rsquo;un l\u00e9ger rose effleure les nuages o\u00f9 parfois une perc\u00e9e de bleu survient comme le souvenir d&rsquo;une tendresse jusque-l\u00e0 oubli\u00e9e, on se dit que l&rsquo;hiver n&rsquo;est pas aussi cruel qu&rsquo;on le pense, qu&rsquo;un soup\u00e7on de douceur niche encore dans les branches et que les oiseaux reviendront bient\u00f4t avec leurs chants de d\u00e9livrance&#8230;\u00a0\u00bb<\/p>\n\n\n\n<p><strong>Richard Rognet,<em>\u00c9l\u00e9gies pour le temps de vivre<\/em>, Gallimard, 2012.<\/strong><\/p>\n\n\n\n<p><strong><sup>Iconographie : <a href=\"https:\/\/fr.wikipedia.org\/wiki\/R%C3%A9serve_naturelle_r%C3%A9gionale_de_Lachauss%C3%A9e#\/media\/Fichier:Lachauss%C3%A9e_-_%C3%A9tang_(1).JPG\">Wikipedia<\/a><\/sup><\/strong><br><br><strong><a rel=\"noreferrer noopener\" href=\"https:\/\/fr.wikipedia.org\/wiki\/Richard_Rognet\" target=\"_blank\">En savoir plus sur l&rsquo;auteur<\/a><\/strong><\/p>\n\n\n\n<iframe loading=\"lazy\" allowfullscreen=\"\" src=\"\/\/umap.openstreetmap.fr\/fr\/map\/la-lorraine-des-ecrivains_50581?scaleControl=false&amp;miniMap=false&amp;scrollWheelZoom=true&amp;zoomControl=null&amp;allowEdit=false&amp;moreControl=false&amp;searchControl=null&amp;tilelayersControl=null&amp;embedControl=null&amp;datalayersControl=null&amp;onLoadPanel=undefined&amp;captionBar=false&amp;fullscreenControl=true#14\/49.0255\/5.8052\" width=\"100%\" height=\"300px\" frameborder=\"0\"><\/iframe>\n","protected":false},"excerpt":{"rendered":"<p>Lieu \u00e9voqu\u00e9 : \u00c9tang de Lachauss\u00e9e, Lachauss\u00e9e. \u00ab\u00a0Le ciel pose \u00e0 peine sur les arbres d\u00e9pouill\u00e9s, l&rsquo;air d&rsquo;un l\u00e9ger rose effleure les nuages o\u00f9 parfois une perc\u00e9e de bleu survient comme le souvenir d&rsquo;une tendresse jusque-l\u00e0 oubli\u00e9e, on se dit que l&rsquo;hiver n&rsquo;est pas aussi cruel qu&rsquo;on le pense, qu&rsquo;un [&hellip;]<\/p>\n","protected":false},"author":1,"featured_media":909,"comment_status":"closed","ping_status":"open","sticky":false,"template":"","format":"standard","meta":[],"categories":[89],"tags":[],"_links":{"self":[{"href":"https:\/\/lalorrainedesecrivains.fr\/index.php?rest_route=\/wp\/v2\/posts\/908"}],"collection":[{"href":"https:\/\/lalorrainedesecrivains.fr\/index.php?rest_route=\/wp\/v2\/posts"}],"about":[{"href":"https:\/\/lalorrainedesecrivains.fr\/index.php?rest_route=\/wp\/v2\/types\/post"}],"author":[{"embeddable":true,"href":"https:\/\/lalorrainedesecrivains.fr\/index.php?rest_route=\/wp\/v2\/users\/1"}],"replies":[{"embeddable":true,"href":"https:\/\/lalorrainedesecrivains.fr\/index.php?rest_route=%2Fwp%2Fv2%2Fcomments&post=908"}],"version-history":[{"count":7,"href":"https:\/\/lalorrainedesecrivains.fr\/index.php?rest_route=\/wp\/v2\/posts\/908\/revisions"}],"predecessor-version":[{"id":5541,"href":"https:\/\/lalorrainedesecrivains.fr\/index.php?rest_route=\/wp\/v2\/posts\/908\/revisions\/5541"}],"wp:featuredmedia":[{"embeddable":true,"href":"https:\/\/lalorrainedesecrivains.fr\/index.php?rest_route=\/wp\/v2\/media\/909"}],"wp:attachment":[{"href":"https:\/\/lalorrainedesecrivains.fr\/index.php?rest_route=%2Fwp%2Fv2%2Fmedia&parent=908"}],"wp:term":[{"taxonomy":"category","embeddable":true,"href":"https:\/\/lalorrainedesecrivains.fr\/index.php?rest_route=%2Fwp%2Fv2%2Fcategories&post=908"},{"taxonomy":"post_tag","embeddable":true,"href":"https:\/\/lalorrainedesecrivains.fr\/index.php?rest_route=%2Fwp%2Fv2%2Ftags&post=908"}],"curies":[{"name":"wp","href":"https:\/\/api.w.org\/{rel}","templated":true}]}}