{"id":5817,"date":"2026-09-03T12:02:23","date_gmt":"2026-09-03T12:02:23","guid":{"rendered":"https:\/\/lalorrainedesecrivains.fr\/?p=5817"},"modified":"2026-09-03T12:05:08","modified_gmt":"2026-09-03T12:05:08","slug":"ca-va-aller","status":"publish","type":"post","link":"https:\/\/lalorrainedesecrivains.fr\/?p=5817","title":{"rendered":"\u00ab\u00a0\u00e7a va aller !\u00a0\u00bb"},"content":{"rendered":"\n<figure class=\"wp-block-audio\"><audio controls src=\"https:\/\/lalorrainedesecrivains.fr\/wp-content\/uploads\/2026\/08\/Charles-Ance_ciel-de-bennes-OK.wav\"><\/audio><\/figure>\n\n\n\n<p><strong>Lieux \u00e9voqu\u00e9s : Max\u00e9ville, Dombasle-Sur-Meurthe<\/strong><\/p>\n\n\n\n<p><\/p>\n\n\n\n<p>\u00ab&nbsp;&#8211; \u00c7a va aller, grogne pas, il va faire beau maintenant.<\/p>\n\n\n\n<p>Il ne s&rsquo;adressait \u00e0 Max, au Max comme il disait, que lorsqu&rsquo;il \u00e9tait certain d&rsquo;\u00eatre seul. Jamais il n&rsquo;aurait avou\u00e9 qu&rsquo;il parlait \u00e0 un t\u00e9l\u00e9ph\u00e9rique et encore moins, ph\u00e9nom\u00e8ne plus \u00e9trange, que cet \u00e9quipement lui r\u00e9pondait. Le couinement d&rsquo;une poulie au sommet d&rsquo;un pyl\u00f4ne le rassura. Le Max savait qu&rsquo;il veillait sur lui. Ils \u00e9taient cinq \u00e0 parcourir chaque jour, \u00e0 pied et par tous les temps, une portion du parcours du transporteur pour en v\u00e9rifier l&rsquo;\u00e9tat et en effectuer le rapport. Gilbert ne s&rsquo;arr\u00eatait jamais \u00e0 l&rsquo;inspection du secteur qui lui avait \u00e9t\u00e9 attribu\u00e9. Il partait toujours un peu plus loin pour s&rsquo;assurer que tout fonctionnait bien et, une ou deux fois par semaine, il effectuait le trajet complet, suivait la ligne de Max\u00e9ville \u00e0 Dombasle. Il partait tr\u00e8s t\u00f4t ces matins-l\u00e0, d\u00e9valait la pente abrupte des carri\u00e8res de Max\u00e9ville jusqu&rsquo;au canal, suivait le chemin de halage jusqu&rsquo;au pont de Malz\u00e9ville o\u00f9 il traversait la Meurthe, et montait la pente s\u00e9v\u00e8re qui le menait au plateau. De cette hauteur, il pouvait contempler la suite des pyl\u00f4nes qui allaient se perdre dans la vall\u00e9e.&nbsp;\u00bb<\/p>\n\n\n\n<p><strong>Charles Anc\u00e9, <em>Ciel de Bennes<\/em>, N\u00e9re\u00efah \u00c9ditions, 2015, p.72<\/strong><\/p>\n\n\n\n<p><sup><strong>Iconograhie : <a href=\"https:\/\/galeries.limedia.fr\/ark:\/31124\/dshlcplm2vfrdhz5\/\">Limedia galeries<\/a><\/strong><\/sup><\/p>\n\n\n\n<iframe style=\"width: 100%; height: 300px; border: 0;\" allowfullscreen allow=\"geolocation\" src=\"\/\/umap.openstreetmap.fr\/fr\/map\/sur-les-pas-des-ecrivains-en-lorraine_50581?scaleControl=false&#038;miniMapControl=false&#038;scrollWheelZoom=true&#038;zoomControl=null&#038;editMode=disabled&#038;moreControl=false&#038;searchControl=null&#038;tilelayersControl=null&#038;embedControl=null&#038;datalayersControl=null&#038;onLoadPanel=none&#038;captionBar=false&#038;captionMenus=false&#038;homeControl=false&#038;captionControl=null&#038;fullscreenControl=true#17\/48.705121\/6.149726\"><\/iframe>\n","protected":false},"excerpt":{"rendered":"<p>Lieux \u00e9voqu\u00e9s : Max\u00e9ville, Dombasle-Sur-Meurthe \u00ab&nbsp;&#8211; \u00c7a va aller, grogne pas, il va faire beau maintenant. Il ne s&rsquo;adressait \u00e0 Max, au Max comme il disait, que lorsqu&rsquo;il \u00e9tait certain d&rsquo;\u00eatre seul. Jamais il n&rsquo;aurait avou\u00e9 qu&rsquo;il parlait \u00e0 un t\u00e9l\u00e9ph\u00e9rique et encore moins, ph\u00e9nom\u00e8ne plus \u00e9trange, que cet \u00e9quipement [&hellip;]<\/p>\n","protected":false},"author":1,"featured_media":5822,"comment_status":"closed","ping_status":"closed","sticky":false,"template":"","format":"standard","meta":[],"categories":[267],"tags":[268,269],"_links":{"self":[{"href":"https:\/\/lalorrainedesecrivains.fr\/index.php?rest_route=\/wp\/v2\/posts\/5817"}],"collection":[{"href":"https:\/\/lalorrainedesecrivains.fr\/index.php?rest_route=\/wp\/v2\/posts"}],"about":[{"href":"https:\/\/lalorrainedesecrivains.fr\/index.php?rest_route=\/wp\/v2\/types\/post"}],"author":[{"embeddable":true,"href":"https:\/\/lalorrainedesecrivains.fr\/index.php?rest_route=\/wp\/v2\/users\/1"}],"replies":[{"embeddable":true,"href":"https:\/\/lalorrainedesecrivains.fr\/index.php?rest_route=%2Fwp%2Fv2%2Fcomments&post=5817"}],"version-history":[{"count":10,"href":"https:\/\/lalorrainedesecrivains.fr\/index.php?rest_route=\/wp\/v2\/posts\/5817\/revisions"}],"predecessor-version":[{"id":5909,"href":"https:\/\/lalorrainedesecrivains.fr\/index.php?rest_route=\/wp\/v2\/posts\/5817\/revisions\/5909"}],"wp:featuredmedia":[{"embeddable":true,"href":"https:\/\/lalorrainedesecrivains.fr\/index.php?rest_route=\/wp\/v2\/media\/5822"}],"wp:attachment":[{"href":"https:\/\/lalorrainedesecrivains.fr\/index.php?rest_route=%2Fwp%2Fv2%2Fmedia&parent=5817"}],"wp:term":[{"taxonomy":"category","embeddable":true,"href":"https:\/\/lalorrainedesecrivains.fr\/index.php?rest_route=%2Fwp%2Fv2%2Fcategories&post=5817"},{"taxonomy":"post_tag","embeddable":true,"href":"https:\/\/lalorrainedesecrivains.fr\/index.php?rest_route=%2Fwp%2Fv2%2Ftags&post=5817"}],"curies":[{"name":"wp","href":"https:\/\/api.w.org\/{rel}","templated":true}]}}