{"id":514,"date":"2020-04-15T07:20:00","date_gmt":"2020-04-15T07:20:00","guid":{"rendered":"http:\/\/lalorrainedesecrivains.fr\/?p=514"},"modified":"2026-04-07T14:33:35","modified_gmt":"2026-04-07T14:33:35","slug":"faubourg-des-trois-maisons","status":"publish","type":"post","link":"https:\/\/lalorrainedesecrivains.fr\/?p=514","title":{"rendered":"\u00ab\u00a0Au fait, pourquoi ce quartier s&rsquo;appelle Faubourg des Trois-Maisons ?\u00a0\u00bb"},"content":{"rendered":"\n<figure class=\"wp-block-audio\"><audio controls src=\"http:\/\/lalorrainedesecrivains.fr\/audio\/45.mp3\"><\/audio><\/figure>\n\n\n\n<p><\/p>\n\n\n\n<p> <strong>Lieu \u00e9voqu\u00e9 : Rue du Faubourg des Trois-Maisons<\/strong>, <strong>Nancy<\/strong>.<\/p>\n\n\n\n<p>\u00ab&nbsp;Au fait, pourquoi ce quartier s\u2019appelle Faubourg des Trois-Maisons&nbsp;? \u00c7a daterait du XVI<sup>e<\/sup> si\u00e8cle. 1591 pr\u00e9cis\u00e9ment. A cette \u00e9poque, la r\u00e9gion \u00e9tait un duch\u00e9 ind\u00e9pendant. Le monarque du moment, Charles III qu\u2019il s\u2019appelait, d\u00e9cida de raser ce coin parce qu\u2019il se situait du mauvais c\u00f4t\u00e9 de la fortification de la ville, alors m\u00eame qu\u2019il attendait le passage de 40&nbsp;000 envahisseurs teutons, ou presque. Ne seraient, \u00e0 l\u2019issue de cette op\u00e9ration, para\u00eet-il, rest\u00e9es debout uniquement trois b\u00e2tisses. D\u2019o\u00f9 le nom. Aujourd\u2019hui encore, tous les habitants du quartier savent exactement o\u00f9 elles se trouvaient, les Trois-Maisons. Le truc, c\u2019est que personne ne cite les m\u00eames emplacements. Ensuite, petit \u00e0 petit, le quartier s\u2019est reconstruit, rempla\u00e7ant ce qui \u00e9tait le secteur des jardins mara\u00eechers de la ville par une zone urbaine des plus denses. Et de toutes fa\u00e7ons, la man\u0153uvre du vieux Charles n\u2019aura pas emp\u00each\u00e9 le quartier d\u2019en prendre plein la gueule \u00e0 chaque passage d\u2019arm\u00e9es ennemies et Dieu sait s\u2019il y en a eu, des Alamans, des Germains, des Bourguignons, des Fran\u00e7ais (avec installation d\u00e9finitive \u00e0 leur quatri\u00e8me invasion) et, bien s\u00fbr, des nazis, comme tout le monde\u2026&nbsp;\u00bb<\/p>\n\n\n\n<p> <strong>Sylvain Sellier, <\/strong><em><strong>Faubourg des Trois-Maisons<\/strong><\/em><strong>, N\u00e9r\u00e9\u00efah \u00e9ditions, 2016. p. 30.<\/strong><\/p>\n\n\n\n<p><strong><sup>Iconographie : L. Dupeyron<\/sup><\/strong><\/p>\n\n\n\n<iframe loading=\"lazy\" allowfullscreen=\"\" src=\"\/\/umap.openstreetmap.fr\/fr\/map\/la-lorraine-des-ecrivains_50581?scaleControl=false&amp;miniMap=false&amp;scrollWheelZoom=true&amp;zoomControl=null&amp;allowEdit=false&amp;moreControl=false&amp;searchControl=null&amp;tilelayersControl=null&amp;embedControl=null&amp;datalayersControl=null&amp;onLoadPanel=undefined&amp;captionBar=false&amp;fullscreenControl=true#17\/48.70422\/6.17408\" width=\"100%\" height=\"300px\" frameborder=\"0\"><\/iframe>\n","protected":false},"excerpt":{"rendered":"<p>Lieu \u00e9voqu\u00e9 : Rue du Faubourg des Trois-Maisons, Nancy. \u00ab&nbsp;Au fait, pourquoi ce quartier s\u2019appelle Faubourg des Trois-Maisons&nbsp;? \u00c7a daterait du XVIe si\u00e8cle. 1591 pr\u00e9cis\u00e9ment. A cette \u00e9poque, la r\u00e9gion \u00e9tait un duch\u00e9 ind\u00e9pendant. Le monarque du moment, Charles III qu\u2019il s\u2019appelait, d\u00e9cida de raser ce coin parce qu\u2019il se [&hellip;]<\/p>\n","protected":false},"author":1,"featured_media":743,"comment_status":"closed","ping_status":"open","sticky":false,"template":"","format":"standard","meta":[],"categories":[35],"tags":[],"_links":{"self":[{"href":"https:\/\/lalorrainedesecrivains.fr\/index.php?rest_route=\/wp\/v2\/posts\/514"}],"collection":[{"href":"https:\/\/lalorrainedesecrivains.fr\/index.php?rest_route=\/wp\/v2\/posts"}],"about":[{"href":"https:\/\/lalorrainedesecrivains.fr\/index.php?rest_route=\/wp\/v2\/types\/post"}],"author":[{"embeddable":true,"href":"https:\/\/lalorrainedesecrivains.fr\/index.php?rest_route=\/wp\/v2\/users\/1"}],"replies":[{"embeddable":true,"href":"https:\/\/lalorrainedesecrivains.fr\/index.php?rest_route=%2Fwp%2Fv2%2Fcomments&post=514"}],"version-history":[{"count":15,"href":"https:\/\/lalorrainedesecrivains.fr\/index.php?rest_route=\/wp\/v2\/posts\/514\/revisions"}],"predecessor-version":[{"id":5562,"href":"https:\/\/lalorrainedesecrivains.fr\/index.php?rest_route=\/wp\/v2\/posts\/514\/revisions\/5562"}],"wp:featuredmedia":[{"embeddable":true,"href":"https:\/\/lalorrainedesecrivains.fr\/index.php?rest_route=\/wp\/v2\/media\/743"}],"wp:attachment":[{"href":"https:\/\/lalorrainedesecrivains.fr\/index.php?rest_route=%2Fwp%2Fv2%2Fmedia&parent=514"}],"wp:term":[{"taxonomy":"category","embeddable":true,"href":"https:\/\/lalorrainedesecrivains.fr\/index.php?rest_route=%2Fwp%2Fv2%2Fcategories&post=514"},{"taxonomy":"post_tag","embeddable":true,"href":"https:\/\/lalorrainedesecrivains.fr\/index.php?rest_route=%2Fwp%2Fv2%2Ftags&post=514"}],"curies":[{"name":"wp","href":"https:\/\/api.w.org\/{rel}","templated":true}]}}