{"id":493,"date":"2020-04-16T12:29:00","date_gmt":"2020-04-16T12:29:00","guid":{"rendered":"http:\/\/lalorrainedesecrivains.fr\/?p=493"},"modified":"2026-04-07T12:12:00","modified_gmt":"2026-04-07T12:12:00","slug":"maurice-pottecher-et-la-creation-du-theatre-du-peuple-de-bussang","status":"publish","type":"post","link":"https:\/\/lalorrainedesecrivains.fr\/?p=493","title":{"rendered":"\u00ab\u00a0Chaque ann\u00e9e, \u00e0 Bussang, une pi\u00e8ce pour le peuple\u00a0\u00bb"},"content":{"rendered":"\n<figure class=\"wp-block-audio\"><audio controls src=\"http:\/\/lalorrainedesecrivains.fr\/audio\/44.mp3\"><\/audio><\/figure>\n\n\n\n<p><strong>Lieu \u00e9voqu\u00e9 : Th\u00e9\u00e2tre du peuple, Bussang<\/strong>.<br><\/p>\n\n\n\n<p>\u00ab\u00a0C\u2019\u00e9tait le 22 septembre 1892&nbsp;; on f\u00eatait dans toute la France le centenaire de la r\u00e9publique. A Paris, l\u2019Op\u00e9ra et le Fran\u00e7ais donnaient des repr\u00e9sentations gratuites. Au chef-lieu du d\u00e9partement, on tirait un feu d\u2019artifice. Que faire \u00e0 Bussang&nbsp;?<\/p>\n\n\n\n<p>Maurice\nPottecher eut l\u2019id\u00e9e de donner une repr\u00e9sentation et, pour \u00eatre\ns\u00fbr d\u2019amuser son public, il choisit Moli\u00e8re.<\/p>\n\n\n\n<p>Les moli\u00e9ristes \u00e9gar\u00e9s par hasard \u00e0 Bussang cette ann\u00e9e-l\u00e0, se seraient peut-\u00eatre indign\u00e9s, car on s\u2019\u00e9tait permis de moderniser l\u2019inimitable, de transporter la sc\u00e8ne du <em>M\u00e9decin malgr\u00e9 lui<\/em> \u00e0 Bussang m\u00eame parmi les bussenets et bussenettes rev\u00eatus des costumes locaux (\u2026). Qu\u2019on pardonne ce sacril\u00e8ge, il eut un tr\u00e8s grand succ\u00e8s&nbsp;; la c\u00e9l\u00e9brit\u00e9 de Moli\u00e8re s\u2019\u00e9tendit ce soir-l\u00e0 sur un canton o\u00f9 son nom n\u2019avait gu\u00e8re jusque-l\u00e0 p\u00e9n\u00e9tr\u00e9.&nbsp;\u00bb<sup><strong>1 <\/strong><\/sup><strong> <\/strong><\/p>\n\n\n\n<p>Ce spectacle, jou\u00e9 aux lanternes sur le kiosque \u00e0 musique, \u00e9tait modeste, mais pour son jeune metteur en sc\u00e8ne, il fut une r\u00e9v\u00e9lation bouleversante&nbsp;: on pouvait int\u00e9resser une foule d\u2019ouvriers et de paysans avec un th\u00e9\u00e2tre habituellement r\u00e9serv\u00e9 \u00e0 des lettr\u00e9s, \u00e0 condition que le peuple retrouve sa vie sur la sc\u00e8ne (le jargon des paysans de Moli\u00e8re avait \u00e9t\u00e9 remplac\u00e9 par le patois vosgien&nbsp;!). Trois ans durant, cette exp\u00e9rience hanta Maurice Pottecher, trois ann\u00e9es de r\u00e9flexion au bout desquelles prit corps l\u2019id\u00e9e de monter chaque ann\u00e9e \u00e0 Bussang une pi\u00e8ce pour le peuple dans le cadre d\u2019un th\u00e9\u00e2tre populaire.\u00a0\u00bb<\/p>\n\n\n\n<p><strong> Jacques Dufetel, <\/strong><em><strong>Maurice Pottecher et la cr\u00e9ation du th\u00e9\u00e2tre du peuple de Bussang,<\/strong><\/em><strong><em> 1895-1914<\/em>, in Patrimoine et culture en Lorraine, 1980, p. 436.<\/strong><\/p>\n\n\n\n<p class=\"has-small-font-size\"><strong><sup>1 &#8211; <\/sup>Richard Auvray, <em>Comment fut fond\u00e9 le th\u00e9\u00e2tre du peuple<\/em>, 1899.<\/strong><\/p>\n\n\n\n<p><strong><sup>Iconographie : <a href=\"https:\/\/fr.wikipedia.org\/wiki\/Th%C3%A9%C3%A2tre_du_Peuple#\/media\/Fichier:Th%C3%A9%C3%A2tre_du_Peuple_%C3%A0_Bussang.jpg\" data-type=\"URL\" data-id=\"https:\/\/fr.wikipedia.org\/wiki\/Th%C3%A9%C3%A2tre_du_Peuple#\/media\/Fichier:Th%C3%A9%C3%A2tre_du_Peuple_%C3%A0_Bussang.jpg\">Wikipedia<\/a><\/sup><\/strong><\/p>\n\n\n\n<iframe loading=\"lazy\" allowfullscreen=\"\" src=\"\/\/umap.openstreetmap.fr\/fr\/map\/la-lorraine-des-ecrivains_50581?scaleControl=false&amp;miniMap=false&amp;scrollWheelZoom=true&amp;zoomControl=null&amp;allowEdit=false&amp;moreControl=false&amp;searchControl=null&amp;tilelayersControl=null&amp;embedControl=null&amp;datalayersControl=null&amp;onLoadPanel=undefined&amp;captionBar=false&amp;fullscreenControl=true#17\/47.88175\/6.84743\" width=\"100%\" height=\"300px\" frameborder=\"0\"><\/iframe>\n","protected":false},"excerpt":{"rendered":"<p>Lieu \u00e9voqu\u00e9 : Th\u00e9\u00e2tre du peuple, Bussang. \u00ab\u00a0C\u2019\u00e9tait le 22 septembre 1892&nbsp;; on f\u00eatait dans toute la France le centenaire de la r\u00e9publique. A Paris, l\u2019Op\u00e9ra et le Fran\u00e7ais donnaient des repr\u00e9sentations gratuites. Au chef-lieu du d\u00e9partement, on tirait un feu d\u2019artifice. Que faire \u00e0 Bussang&nbsp;? Maurice Pottecher eut l\u2019id\u00e9e [&hellip;]<\/p>\n","protected":false},"author":1,"featured_media":766,"comment_status":"closed","ping_status":"open","sticky":false,"template":"","format":"standard","meta":[],"categories":[90],"tags":[],"_links":{"self":[{"href":"https:\/\/lalorrainedesecrivains.fr\/index.php?rest_route=\/wp\/v2\/posts\/493"}],"collection":[{"href":"https:\/\/lalorrainedesecrivains.fr\/index.php?rest_route=\/wp\/v2\/posts"}],"about":[{"href":"https:\/\/lalorrainedesecrivains.fr\/index.php?rest_route=\/wp\/v2\/types\/post"}],"author":[{"embeddable":true,"href":"https:\/\/lalorrainedesecrivains.fr\/index.php?rest_route=\/wp\/v2\/users\/1"}],"replies":[{"embeddable":true,"href":"https:\/\/lalorrainedesecrivains.fr\/index.php?rest_route=%2Fwp%2Fv2%2Fcomments&post=493"}],"version-history":[{"count":17,"href":"https:\/\/lalorrainedesecrivains.fr\/index.php?rest_route=\/wp\/v2\/posts\/493\/revisions"}],"predecessor-version":[{"id":5550,"href":"https:\/\/lalorrainedesecrivains.fr\/index.php?rest_route=\/wp\/v2\/posts\/493\/revisions\/5550"}],"wp:featuredmedia":[{"embeddable":true,"href":"https:\/\/lalorrainedesecrivains.fr\/index.php?rest_route=\/wp\/v2\/media\/766"}],"wp:attachment":[{"href":"https:\/\/lalorrainedesecrivains.fr\/index.php?rest_route=%2Fwp%2Fv2%2Fmedia&parent=493"}],"wp:term":[{"taxonomy":"category","embeddable":true,"href":"https:\/\/lalorrainedesecrivains.fr\/index.php?rest_route=%2Fwp%2Fv2%2Fcategories&post=493"},{"taxonomy":"post_tag","embeddable":true,"href":"https:\/\/lalorrainedesecrivains.fr\/index.php?rest_route=%2Fwp%2Fv2%2Ftags&post=493"}],"curies":[{"name":"wp","href":"https:\/\/api.w.org\/{rel}","templated":true}]}}