{"id":3826,"date":"2023-02-03T09:49:08","date_gmt":"2023-02-03T09:49:08","guid":{"rendered":"https:\/\/lalorrainedesecrivains.fr\/?p=3826"},"modified":"2023-02-08T15:15:26","modified_gmt":"2023-02-08T15:15:26","slug":"de-tristes-rejouissances","status":"publish","type":"post","link":"https:\/\/lalorrainedesecrivains.fr\/?p=3826","title":{"rendered":"De tristes r\u00e9jouissances"},"content":{"rendered":"\n<figure class=\"wp-block-audio\"><audio controls src=\"https:\/\/lalorrainedesecrivains.fr\/wp-content\/uploads\/2023\/01\/ce-nest-pas-pour-toujours.mp3\"><\/audio><\/figure>\n\n\n\n<p><\/p>\n\n\n\n<p><strong>Lieux \u00e9voqu\u00e9s : Quartier de Bonsecours, Gare et h\u00f4tel de ville de Nancy, Porte Saint-Nicolas, Place Stanislas<\/strong><\/p>\n\n\n\n<p>\u00ab\u00a0L\u2019immense horloge du hall de gare indiquait vingt-deux heures quinze. \u00c9tourdis par la bousculade des voyageurs et l\u2019immensit\u00e9 des lieux, ils avan\u00e7aient happ\u00e9s par la foule. Certains \u00e9taient flanqu\u00e9s d\u2019un amoncellement de bagages h\u00e9t\u00e9roclites qui r\u00e9sumait leur vie, d\u2019autres, v\u00eatus de sabots et de hardes, n\u2019avaient pour toute richesse que leur espoir et leurs mains. La gare \u00e9tait assaillie de r\u00e9fugi\u00e9s qui affluaient dans un tohu-bohu incontr\u00f4l\u00e9 pour se diriger ensuite vers l\u2019h\u00f4tel de ville o\u00f9 le Comit\u00e9 de soutien aux Alsaciens-Lorrains, cr\u00e9\u00e9 par la municipalit\u00e9 et des personnalit\u00e9s de Nancy, les aiderait \u00e0 se loger et \u00e0 trouver du travail. L\u00e0-bas, assis autour de la statue du roi Stanislas dans une dignit\u00e9 recueillie, ils attendaient qu\u2019on leur indique un asile et qu\u2019on leur distribue quelques vivres. Le Comit\u00e9 agissait discr\u00e8tement et rapidement de mani\u00e8re \u00e0 \u00e9viter tout encombrement qui aurait suscit\u00e9 des frictions avec l\u2019occupant. La mission \u00e9tait d\u00e9licate, car elle favorisait l\u2019arriv\u00e9e des r\u00e9fugi\u00e9s dans une ville toujours sous le contr\u00f4le allemand et ceci, jusqu\u2019au paiement complet de l\u2019indemnit\u00e9 de guerre de cinq milliards de francs. En quelques mois, la population de la ville avait augment\u00e9 de moiti\u00e9, les familles s\u2019entassaient dans des bicoques insalubres et chacun se d\u00e9brouillait pour survivre dans des conditions mis\u00e9rables. La municipalit\u00e9 pr\u00e9voyait un vaste plan d\u2019urbanisation d\u00e8s que Nancy serait lib\u00e9r\u00e9e de son occupant qui avait r\u00e9quisitionn\u00e9 de nombreux h\u00f4tels, maisons et \u00e9curies pour ses troupes.<\/p>\n\n\n\n<p>&nbsp;&nbsp;&nbsp;&nbsp;&nbsp;&nbsp;&nbsp;&nbsp;&nbsp;&nbsp;&nbsp; Alice et Pierre s\u2019estimaient chanceux d\u2019avoir un point de chute et l\u2019assurance de dormir sous un toit la nuit prochaine. Pour l\u2019instant, il n\u2019y avait plus d\u2019omnibus. La prudence leur conseilla donc de s\u2019installer du mieux possible sur un banc dans le hall de la gare et d\u2019attendre que l\u2019activit\u00e9 quotidienne reprenne avec les premi\u00e8res lueurs de l\u2019aube. M. Lang leur avait donn\u00e9 l\u2019adresse et la cl\u00e9 du petit logement mitoyen qu\u2019ils occuperaient non loin de l\u2019usine, et Pierre, pour se familiariser avec les art\u00e8res de la ville, avait sollicit\u00e9 un plan aupr\u00e8s du Comit\u00e9 de soutien.<\/p>\n\n\n\n<p>&#8211; Regardez maman, le quartier de Bonsecours se trouve tout pr\u00e8s de la porte Saint-Nicolas, au sud de Nancy. Nous n\u2019aurons pas trop loin \u00e0 marcher pour admirer la place Stanislas et \u00e9couter le dimanche, le musiciens du kiosque de la P\u00e9pini\u00e8re&nbsp;! Cette perspective ravissait Alice, soulag\u00e9e de voir son fils se projeter dans l\u2019avenir.\u00a0\u00bb<\/p>\n\n\n\n<p><strong>Ang\u00e8le Bientz-Potin<\/strong>, <strong><em>Ce n\u2019est pas pour toujours<\/em>, Les <strong>\u00c9<\/strong>ditions du Quotidien, 2015<\/strong>.<\/p>\n\n\n\n<p class=\"has-small-font-size\">Iconographie : Licence Creative Commons<\/p>\n\n\n\n<iframe loading=\"lazy\" width=\"100%\" height=\"300px\" frameborder=\"0\" allowfullscreen=\"\" src=\"\/\/umap.openstreetmap.fr\/fr\/map\/sur-les-pas-des-ecrivains-en-lorraine_50581?scaleControl=false&amp;miniMap=false&amp;scrollWheelZoom=true&amp;zoomControl=true&amp;allowEdit=false&amp;moreControl=false&amp;searchControl=null&amp;tilelayersControl=null&amp;embedControl=null&amp;datalayersControl=true&amp;onLoadPanel=undefined&amp;captionBar=false#19\/48.67677\/6.19790\"><\/iframe>\n","protected":false},"excerpt":{"rendered":"<p>Lieux \u00e9voqu\u00e9s : Quartier de Bonsecours, Gare et h\u00f4tel de ville de Nancy, Porte Saint-Nicolas, Place Stanislas \u00ab\u00a0L\u2019immense horloge du hall de gare indiquait vingt-deux heures quinze. \u00c9tourdis par la bousculade des voyageurs et l\u2019immensit\u00e9 des lieux, ils avan\u00e7aient happ\u00e9s par la foule. Certains \u00e9taient flanqu\u00e9s d\u2019un amoncellement de bagages [&hellip;]<\/p>\n","protected":false},"author":1,"featured_media":3828,"comment_status":"closed","ping_status":"closed","sticky":false,"template":"","format":"standard","meta":[],"categories":[136],"tags":[],"_links":{"self":[{"href":"https:\/\/lalorrainedesecrivains.fr\/index.php?rest_route=\/wp\/v2\/posts\/3826"}],"collection":[{"href":"https:\/\/lalorrainedesecrivains.fr\/index.php?rest_route=\/wp\/v2\/posts"}],"about":[{"href":"https:\/\/lalorrainedesecrivains.fr\/index.php?rest_route=\/wp\/v2\/types\/post"}],"author":[{"embeddable":true,"href":"https:\/\/lalorrainedesecrivains.fr\/index.php?rest_route=\/wp\/v2\/users\/1"}],"replies":[{"embeddable":true,"href":"https:\/\/lalorrainedesecrivains.fr\/index.php?rest_route=%2Fwp%2Fv2%2Fcomments&post=3826"}],"version-history":[{"count":15,"href":"https:\/\/lalorrainedesecrivains.fr\/index.php?rest_route=\/wp\/v2\/posts\/3826\/revisions"}],"predecessor-version":[{"id":3972,"href":"https:\/\/lalorrainedesecrivains.fr\/index.php?rest_route=\/wp\/v2\/posts\/3826\/revisions\/3972"}],"wp:featuredmedia":[{"embeddable":true,"href":"https:\/\/lalorrainedesecrivains.fr\/index.php?rest_route=\/wp\/v2\/media\/3828"}],"wp:attachment":[{"href":"https:\/\/lalorrainedesecrivains.fr\/index.php?rest_route=%2Fwp%2Fv2%2Fmedia&parent=3826"}],"wp:term":[{"taxonomy":"category","embeddable":true,"href":"https:\/\/lalorrainedesecrivains.fr\/index.php?rest_route=%2Fwp%2Fv2%2Fcategories&post=3826"},{"taxonomy":"post_tag","embeddable":true,"href":"https:\/\/lalorrainedesecrivains.fr\/index.php?rest_route=%2Fwp%2Fv2%2Ftags&post=3826"}],"curies":[{"name":"wp","href":"https:\/\/api.w.org\/{rel}","templated":true}]}}