{"id":3792,"date":"2023-02-08T15:52:54","date_gmt":"2023-02-08T15:52:54","guid":{"rendered":"https:\/\/lalorrainedesecrivains.fr\/?p=3792"},"modified":"2023-02-25T14:17:12","modified_gmt":"2023-02-25T14:17:12","slug":"mousquetaires-du-roi","status":"publish","type":"post","link":"https:\/\/lalorrainedesecrivains.fr\/?p=3792","title":{"rendered":"Mousquetaires du roi"},"content":{"rendered":"\n<figure class=\"wp-block-audio\"><audio controls src=\"https:\/\/lalorrainedesecrivains.fr\/wp-content\/uploads\/2023\/01\/Veillet-Le-creve-coeurNeuville.mp3\"><\/audio><\/figure>\n\n\n\n<p><strong>Lieu \u00e9voqu\u00e9 : Neuville-en-Verdunois<\/strong><\/p>\n\n\n\n<p>\u00ab\u00a0Malgr\u00e9 la guerre qui faisait rage dans le pays lorrain, semant sur tout son territoire horreur et d\u00e9solation, la vie au sein du village fortifi\u00e9 de Neuville-en-Verdunois, par exception assur\u00e9ment, se d\u00e9roulait dans le plus grand calme.<\/p>\n\n\n\n<p>Gr\u00e2ce \u00e0 la bont\u00e9 bienfaitrice de madame Alberte-Barbe d\u2019Ernecourt, plus connue sous le nom de madame de Saint-Baslemont, la population de la petite cit\u00e9 barroise que prot\u00e9geait des assauts ext\u00e9rieurs un donjon entour\u00e9 d\u2019un \u00e9pais mur cr\u00e9nel\u00e9 avec, en contrebas, de profonds foss\u00e9s h\u00e9riss\u00e9s de pointes, s\u2019\u00e9tait agrandie d\u2019un nombre important de laboureurs, de manouvriers et d\u2019artisans venus des alentours, qui tous, dans leur localit\u00e9 d\u2019origine, avaient eu \u00e0 p\u00e2tir des dommages ou des atrocit\u00e9s de la soldatesque errante.<\/p>\n\n\n\n<p>Chaque jour, les rues du village bruissaient de toutes parts des sons d\u2019outils qui s\u2019\u00e9levaient des \u00e9choppes et des ateliers, qu\u2019ils fussent produits par le sellier, le charron, le menuisier, le serrurier ou bien encore par le fondeur de cuivre. Ces gens travaillaient en partie pour le bien commun et, de ce fait, \u00e9chappaient \u00e0 l\u2019imp\u00f4t. La seule servitude qui les contraignait \u00e9tait de participer avec z\u00e8le et r\u00e9gularit\u00e9 aux formations militaires dispens\u00e9es par le capitaine d\u2019infanterie Manheulles, aux fins de prendre part \u00e0 la d\u00e9fense des \u00e2mes et des biens de la seigneurie neuvilloise quand les unes ou les autres se trouvaient attaqu\u00e9s ou mis en danger.<\/p>\n\n\n\n<p>Fort de cette obligation \u00e0 laquelle nul ne pouvait se soustraire, Manheulles ne rencontra aucune difficult\u00e9 \u00e0 former une patrouille et d\u00e8s le point du jour une douzaine d\u2019hommes de toutes conditions se retrouv\u00e8rent \u00e0 discuter \u00e0 voix basse sur le parvis.<\/p>\n\n\n\n<p>Certains remplissaient leur gourde \u00e0 la source de l\u2019\u00e9gayoir, d\u2019autres s\u2019affairaient \u00e0 boutonner avec soin leur plastron, d\u2019autres encore s\u2019employaient \u00e0 assouplir leurs bottes pour s\u2019assurer d\u2019une meilleure marche quand les plus pr\u00e9cautionneux ajustaient \u00e0 leur ceinture la rapi\u00e8re et la dague \u00ab&nbsp;main gauche&nbsp;\u00bb dont ils \u00e9taient attributaires.<\/p>\n\n\n\n<p>L\u2019officier qui tenait par la bride deux puissants chevaux de cavalerie arriva bient\u00f4t sur le lieu de rassemblement. Deux pistolets dot\u00e9s d\u2019un lourd pommeau en forme de massue d\u00e9passaient des fontes de chaque selle. Ayant servi autrefois comme sous-lieutenant dans une compagnie de chevau-l\u00e9gers de la garde royale, Manheulles avait rev\u00eatu sa soubreveste bleue galonn\u00e9e d\u2019argent faisant montre en son centre de la c\u00e9l\u00e8bre croix blanche du corps des mousquetaires du roi.\u00a0\u00bb<\/p>\n\n\n\n<p><b>Claude Veillet<em>, Le cr\u00e8ve-c\u0153ur de la dame de Neuville<\/em><\/b><strong>, \u00c9ditions des Paraiges, 2016, p. 17-18<\/strong>.<\/p>\n\n\n\n<p class=\"has-small-font-size\">Iconographie : Licence creative commons<\/p>\n\n\n\n<iframe loading=\"lazy\" width=\"100%\" height=\"300px\" frameborder=\"0\" allowfullscreen=\"\" src=\"\/\/umap.openstreetmap.fr\/fr\/map\/sur-les-pas-des-ecrivains-en-lorraine_50581?scaleControl=false&amp;miniMap=false&amp;scrollWheelZoom=true&amp;zoomControl=null&amp;allowEdit=false&amp;moreControl=false&amp;searchControl=null&amp;tilelayersControl=null&amp;embedControl=null&amp;datalayersControl=true&amp;onLoadPanel=undefined&amp;captionBar=false&amp;fullscreenControl=true#18\/48.94388\/5.29810\"><\/iframe>\n","protected":false},"excerpt":{"rendered":"<p>Lieu \u00e9voqu\u00e9 : Neuville-en-Verdunois \u00ab\u00a0Malgr\u00e9 la guerre qui faisait rage dans le pays lorrain, semant sur tout son territoire horreur et d\u00e9solation, la vie au sein du village fortifi\u00e9 de Neuville-en-Verdunois, par exception assur\u00e9ment, se d\u00e9roulait dans le plus grand calme. Gr\u00e2ce \u00e0 la bont\u00e9 bienfaitrice de madame Alberte-Barbe d\u2019Ernecourt, [&hellip;]<\/p>\n","protected":false},"author":1,"featured_media":3795,"comment_status":"closed","ping_status":"closed","sticky":false,"template":"","format":"standard","meta":[],"categories":[52],"tags":[],"_links":{"self":[{"href":"https:\/\/lalorrainedesecrivains.fr\/index.php?rest_route=\/wp\/v2\/posts\/3792"}],"collection":[{"href":"https:\/\/lalorrainedesecrivains.fr\/index.php?rest_route=\/wp\/v2\/posts"}],"about":[{"href":"https:\/\/lalorrainedesecrivains.fr\/index.php?rest_route=\/wp\/v2\/types\/post"}],"author":[{"embeddable":true,"href":"https:\/\/lalorrainedesecrivains.fr\/index.php?rest_route=\/wp\/v2\/users\/1"}],"replies":[{"embeddable":true,"href":"https:\/\/lalorrainedesecrivains.fr\/index.php?rest_route=%2Fwp%2Fv2%2Fcomments&post=3792"}],"version-history":[{"count":6,"href":"https:\/\/lalorrainedesecrivains.fr\/index.php?rest_route=\/wp\/v2\/posts\/3792\/revisions"}],"predecessor-version":[{"id":4030,"href":"https:\/\/lalorrainedesecrivains.fr\/index.php?rest_route=\/wp\/v2\/posts\/3792\/revisions\/4030"}],"wp:featuredmedia":[{"embeddable":true,"href":"https:\/\/lalorrainedesecrivains.fr\/index.php?rest_route=\/wp\/v2\/media\/3795"}],"wp:attachment":[{"href":"https:\/\/lalorrainedesecrivains.fr\/index.php?rest_route=%2Fwp%2Fv2%2Fmedia&parent=3792"}],"wp:term":[{"taxonomy":"category","embeddable":true,"href":"https:\/\/lalorrainedesecrivains.fr\/index.php?rest_route=%2Fwp%2Fv2%2Fcategories&post=3792"},{"taxonomy":"post_tag","embeddable":true,"href":"https:\/\/lalorrainedesecrivains.fr\/index.php?rest_route=%2Fwp%2Fv2%2Ftags&post=3792"}],"curies":[{"name":"wp","href":"https:\/\/api.w.org\/{rel}","templated":true}]}}