{"id":3503,"date":"2022-12-02T11:56:06","date_gmt":"2022-12-02T11:56:06","guid":{"rendered":"http:\/\/lalorrainedesecrivains.fr\/?p=3503"},"modified":"2026-04-02T07:07:51","modified_gmt":"2026-04-02T07:07:51","slug":"ambiance-festive","status":"publish","type":"post","link":"https:\/\/lalorrainedesecrivains.fr\/?p=3503","title":{"rendered":"Ambiance festive"},"content":{"rendered":"\n<figure class=\"wp-block-audio\"><audio controls src=\"https:\/\/lalorrainedesecrivains.fr\/wp-content\/uploads\/2022\/06\/Nancy-univ-1910-OK.mp3\"><\/audio><\/figure>\n\n\n\n<p><\/p>\n\n\n\n<p><strong>Lieu \u00e9voqu\u00e9 : Place Stanislas<\/strong><\/p>\n\n\n\n<p><\/p>\n\n\n\n<p><strong>Le bal de la Mi-Car\u00eame<\/strong><\/p>\n\n\n\n<p>\u00ab&nbsp;Le dimanche 21 mars, la soci\u00e9t\u00e9 g\u00e9n\u00e9rale des \u00e9tudiants donne dans les salons Walter son bal traditionnel (entr\u00e9es&nbsp;: 5 fr. pour hommes, 3 fr. pour dames, 3 fr. pour les membres du cercle).<\/p>\n\n\n\n<p>Un cort\u00e8ge des plus luxueux est en formation&nbsp;: les statues Nanc\u00e9iennes, la ville de Nancy, la Soci\u00e9t\u00e9 g\u00e9n\u00e9rale des \u00e9tudiants, l\u2019Exposition de 1909 recevront les souverains de tous pays, h\u00f4tes illustres de la cit\u00e9 ducale, et les congressistes estudiantins venus du monde entier.<\/p>\n\n\n<div class=\"wp-block-image\">\n<figure class=\"aligncenter size-full is-resized\"><a href=\"https:\/\/lalorrainedesecrivains.fr\/wp-content\/uploads\/2022\/12\/bal-etudiants.jpg\"><img decoding=\"async\" loading=\"lazy\" src=\"https:\/\/lalorrainedesecrivains.fr\/wp-content\/uploads\/2022\/12\/bal-etudiants.jpg\" alt=\"\" class=\"wp-image-3670\" width=\"567\" height=\"380\" srcset=\"https:\/\/lalorrainedesecrivains.fr\/wp-content\/uploads\/2022\/12\/bal-etudiants.jpg 500w, https:\/\/lalorrainedesecrivains.fr\/wp-content\/uploads\/2022\/12\/bal-etudiants-300x201.jpg 300w, https:\/\/lalorrainedesecrivains.fr\/wp-content\/uploads\/2022\/12\/bal-etudiants-360x240.jpg 360w\" sizes=\"(max-width: 567px) 100vw, 567px\" \/><\/a><figcaption class=\"wp-element-caption\"><sup>Bal des \u00e9tudiants. Collection Biblioth\u00e8ques de Nancy<\/sup><\/figcaption><\/figure><\/div>\n\n\n<p>De nombreux prix, d\u2019une valeur r\u00e9elle de 1000 fr. (vases Gall\u00e9, Daum, Mougin, Vaissi\u00e8re, etc.\u2026) seront distribu\u00e9s aux travestis les plus originaux et aux t\u00eates les plus grim\u00e9es.<\/p>\n\n\n\n<p>Et les b\u00e9n\u00e9fices du bal seront partag\u00e9s entre les diverses \u0153uvres d\u2019assistance et de bienfaisance de la ville, le cercle voulant, selon son excellente coutume, faire le bien et secourir les malheureux.<\/p>\n\n\n\n<p>Nul doute que de nombreux danseurs et danseuses ne veuillent \u00eatre des n\u00f4tres et joindre leur part de ga\u00eet\u00e9 (sic) \u00e0 celle de la jeunesse universitaire.&nbsp;\u00bb<\/p>\n\n\n\n<p><strong><em>Nancy universitaire<\/em>, juillet 1910, p.47<\/strong><\/p>\n\n\n\n<p><strong><sup>Iconographie : <a href=\"https:\/\/galeries.limedia.fr\/ark:\/31124\/dvns04p9p5r79c2g\/\">Lim\u00e9dia Galeries<\/a><\/sup><\/strong><\/p>\n\n\n\n<iframe loading=\"lazy\" width=\"100%\" height=\"300px\" frameborder=\"0\" allowfullscreen=\"\" src=\"\/\/umap.openstreetmap.fr\/fr\/map\/sur-les-pas-des-ecrivains-en-lorraine_50581?scaleControl=false&amp;miniMap=false&amp;scrollWheelZoom=false&amp;zoomControl=null&amp;allowEdit=false&amp;moreControl=false&amp;searchControl=null&amp;tilelayersControl=null&amp;embedControl=null&amp;datalayersControl=true&amp;onLoadPanel=undefined&amp;captionBar=false&amp;fullscreenControl=true#19\/48.69299\/6.17642\"><\/iframe>\n\n\n\n<p class=\"has-small-font-size\"><\/p>\n","protected":false},"excerpt":{"rendered":"<p>Lieu \u00e9voqu\u00e9 : Place Stanislas Le bal de la Mi-Car\u00eame \u00ab&nbsp;Le dimanche 21 mars, la soci\u00e9t\u00e9 g\u00e9n\u00e9rale des \u00e9tudiants donne dans les salons Walter son bal traditionnel (entr\u00e9es&nbsp;: 5 fr. pour hommes, 3 fr. pour dames, 3 fr. pour les membres du cercle). Un cort\u00e8ge des plus luxueux est en [&hellip;]<\/p>\n","protected":false},"author":1,"featured_media":3520,"comment_status":"closed","ping_status":"closed","sticky":false,"template":"","format":"standard","meta":[],"categories":[133],"tags":[],"_links":{"self":[{"href":"https:\/\/lalorrainedesecrivains.fr\/index.php?rest_route=\/wp\/v2\/posts\/3503"}],"collection":[{"href":"https:\/\/lalorrainedesecrivains.fr\/index.php?rest_route=\/wp\/v2\/posts"}],"about":[{"href":"https:\/\/lalorrainedesecrivains.fr\/index.php?rest_route=\/wp\/v2\/types\/post"}],"author":[{"embeddable":true,"href":"https:\/\/lalorrainedesecrivains.fr\/index.php?rest_route=\/wp\/v2\/users\/1"}],"replies":[{"embeddable":true,"href":"https:\/\/lalorrainedesecrivains.fr\/index.php?rest_route=%2Fwp%2Fv2%2Fcomments&post=3503"}],"version-history":[{"count":9,"href":"https:\/\/lalorrainedesecrivains.fr\/index.php?rest_route=\/wp\/v2\/posts\/3503\/revisions"}],"predecessor-version":[{"id":5308,"href":"https:\/\/lalorrainedesecrivains.fr\/index.php?rest_route=\/wp\/v2\/posts\/3503\/revisions\/5308"}],"wp:featuredmedia":[{"embeddable":true,"href":"https:\/\/lalorrainedesecrivains.fr\/index.php?rest_route=\/wp\/v2\/media\/3520"}],"wp:attachment":[{"href":"https:\/\/lalorrainedesecrivains.fr\/index.php?rest_route=%2Fwp%2Fv2%2Fmedia&parent=3503"}],"wp:term":[{"taxonomy":"category","embeddable":true,"href":"https:\/\/lalorrainedesecrivains.fr\/index.php?rest_route=%2Fwp%2Fv2%2Fcategories&post=3503"},{"taxonomy":"post_tag","embeddable":true,"href":"https:\/\/lalorrainedesecrivains.fr\/index.php?rest_route=%2Fwp%2Fv2%2Ftags&post=3503"}],"curies":[{"name":"wp","href":"https:\/\/api.w.org\/{rel}","templated":true}]}}