{"id":2086,"date":"2021-02-11T13:33:07","date_gmt":"2021-02-11T13:33:07","guid":{"rendered":"http:\/\/lalorrainedesecrivains.fr\/?p=2086"},"modified":"2026-04-02T12:02:03","modified_gmt":"2026-04-02T12:02:03","slug":"__trashed","status":"publish","type":"post","link":"https:\/\/lalorrainedesecrivains.fr\/?p=2086","title":{"rendered":"Les grandes gr\u00e8ves d&rsquo;apr\u00e8s-guerre"},"content":{"rendered":"\n<figure class=\"wp-block-audio\"><audio controls src=\"https:\/\/lalorrainedesecrivains.fr\/wp-content\/uploads\/2021\/02\/pays-haut1.mp3\"><\/audio><\/figure>\n\n\n\n<p><\/p>\n\n\n\n<p><strong>Lieu \u00e9voqu\u00e9 : Bouligny<\/strong>.<\/p>\n\n\n\n<p>\u00ab\u00a0Depuis les grandes gr\u00e8ves d\u2019apr\u00e8s-guerre, la profession s\u2019\u00e9tait organis\u00e9e, tirant partie de ses diverses exp\u00e9riences. Aux revendications ponctuelles, puits par puits, elle substituait peu \u00e0 peu \u2013 ce qui n\u2019\u00e9tait pas une mince affaire \u2013 une action collective repr\u00e9sentative et efficace pour aboutir lors du Congr\u00e8s de Bouligny \u00e0 la cr\u00e9ation de la F\u00e9d\u00e9ration R\u00e9gionale des mines de fer et de sel de Lorraine, soutenue par un p\u00e9riodique titr\u00e9 \u00ab&nbsp;le Sous-Sol Lorrain&nbsp;\u00bb<\/p>\n\n\n\n<p>Le p\u00e8re de Carmelo applaudissait \u00e0 ses buts d\u00e8s lors qu\u2019ils \u0153uvraient pour le respect et la dignit\u00e9 de l\u2019homme. Le vieux mineur estimait Albert Balducci, l\u2019un des secr\u00e9taires permanents. Il avait \u00e9galement remarqu\u00e9 l\u2019ascendant exerc\u00e9 sur ses camarades par Marc Delmonte, le nouveau boulonneur de son quartier.<\/p>\n\n\n\n<p>Celui-ci aussi avait l\u2019\u00e9toffe d\u2019un militant. Il ne tarderait pas \u00e0 se faire rep\u00e9rer, il en \u00e9tait s\u00fbr, car malgr\u00e9 les apparences, le feu &#8211; dans le pays du fer \u2013 couvait sous la cendre.<\/p>\n\n\n\n<p>Autant le vieil homme d\u00e9sapprouvait la coupure du monde en deux blocs, la guerre froide, la course aux armements, ce qui s\u2019\u00e9tait pass\u00e9 \u00e0 Budapest et qu\u2019il se posait des questions sur la r\u00e9cup\u00e9ration par l\u2019Union Sovi\u00e9tique de l\u2019id\u00e9al de son Parti qu\u2019elle transformait en des dictatures telles qu\u2019elles en compromettaient l\u2019avenir, il en \u00e9tait persuad\u00e9&nbsp;; autant il continuait \u00e0 se r\u00e9volter contre toutes les injustices.<\/p>\n\n\n\n<p>Comme de nombreux mineurs il n\u2019acceptait pas la loi de 1949 concernant l\u2019\u00e9lection des d\u00e9l\u00e9gu\u00e9s-mineurs. Elle excluait du droit de vote les jeunes de moins de 21 ans, les \u00e9trangers ayant moins de six ans de mine et ne poss\u00e9dant pas la carte de \u00ab&nbsp;r\u00e9sident privil\u00e9gi\u00e9&nbsp;\u00bb et tous ceux \u00e0 qui elle avait \u00e9t\u00e9 refus\u00e9e pour cause d\u2019activit\u00e9 syndicale. Certains syndicalistes minoritaires sugg\u00e9raient m\u00eame de retirer le droit de vote \u00e0 tous les immigr\u00e9s&nbsp;!\u00a0\u00bb<\/p>\n\n\n\n<p><strong>Anne-Marie Blanc, <em>Pays-Haut&nbsp;: dits et r\u00e9cits&nbsp;: 1889-1939<\/em>, \u00e9dition Serpenoise, 1988, pp.224-225.<\/strong><\/p>\n\n\n\n<p class=\"has-small-font-size\"><strong>Iconographie : <a href=\"https:\/\/galeries.limedia.fr\/ark:\/31124\/dqcnwpxls07fkkt1\/\">Lim\u00e9d<\/a><a rel=\"noreferrer noopener\" href=\"https:\/\/galeries.limedia.fr\/ark:\/31124\/dqcnwpxls07fkkt1\/\" target=\"_blank\">ia Galeries<\/a> <\/strong><\/p>\n\n\n\n<iframe loading=\"lazy\" allowfullscreen=\"\" src=\"\/\/umap.openstreetmap.fr\/fr\/map\/sur-les-pas-des-ecrivains-en-lorraine_50581?scaleControl=false&amp;miniMap=false&amp;scrollWheelZoom=true&amp;zoomControl=null&amp;allowEdit=false&amp;moreControl=false&amp;searchControl=null&amp;tilelayersControl=null&amp;embedControl=null&amp;datalayersControl=null&amp;onLoadPanel=undefined&amp;captionBar=false&amp;fullscreenControl=true#15\/49.2838\/5.7832\" width=\"100%\" height=\"300px\" frameborder=\"0\"><\/iframe>\n\n\n\n<p><\/p>\n","protected":false},"excerpt":{"rendered":"<p>Lieu \u00e9voqu\u00e9 : Bouligny. \u00ab\u00a0Depuis les grandes gr\u00e8ves d\u2019apr\u00e8s-guerre, la profession s\u2019\u00e9tait organis\u00e9e, tirant partie de ses diverses exp\u00e9riences. Aux revendications ponctuelles, puits par puits, elle substituait peu \u00e0 peu \u2013 ce qui n\u2019\u00e9tait pas une mince affaire \u2013 une action collective repr\u00e9sentative et efficace pour aboutir lors du Congr\u00e8s [&hellip;]<\/p>\n","protected":false},"author":1,"featured_media":2091,"comment_status":"closed","ping_status":"open","sticky":false,"template":"","format":"standard","meta":[],"categories":[44],"tags":[],"_links":{"self":[{"href":"https:\/\/lalorrainedesecrivains.fr\/index.php?rest_route=\/wp\/v2\/posts\/2086"}],"collection":[{"href":"https:\/\/lalorrainedesecrivains.fr\/index.php?rest_route=\/wp\/v2\/posts"}],"about":[{"href":"https:\/\/lalorrainedesecrivains.fr\/index.php?rest_route=\/wp\/v2\/types\/post"}],"author":[{"embeddable":true,"href":"https:\/\/lalorrainedesecrivains.fr\/index.php?rest_route=\/wp\/v2\/users\/1"}],"replies":[{"embeddable":true,"href":"https:\/\/lalorrainedesecrivains.fr\/index.php?rest_route=%2Fwp%2Fv2%2Fcomments&post=2086"}],"version-history":[{"count":18,"href":"https:\/\/lalorrainedesecrivains.fr\/index.php?rest_route=\/wp\/v2\/posts\/2086\/revisions"}],"predecessor-version":[{"id":5368,"href":"https:\/\/lalorrainedesecrivains.fr\/index.php?rest_route=\/wp\/v2\/posts\/2086\/revisions\/5368"}],"wp:featuredmedia":[{"embeddable":true,"href":"https:\/\/lalorrainedesecrivains.fr\/index.php?rest_route=\/wp\/v2\/media\/2091"}],"wp:attachment":[{"href":"https:\/\/lalorrainedesecrivains.fr\/index.php?rest_route=%2Fwp%2Fv2%2Fmedia&parent=2086"}],"wp:term":[{"taxonomy":"category","embeddable":true,"href":"https:\/\/lalorrainedesecrivains.fr\/index.php?rest_route=%2Fwp%2Fv2%2Fcategories&post=2086"},{"taxonomy":"post_tag","embeddable":true,"href":"https:\/\/lalorrainedesecrivains.fr\/index.php?rest_route=%2Fwp%2Fv2%2Ftags&post=2086"}],"curies":[{"name":"wp","href":"https:\/\/api.w.org\/{rel}","templated":true}]}}