{"id":2034,"date":"2021-02-06T16:04:41","date_gmt":"2021-02-06T16:04:41","guid":{"rendered":"http:\/\/lalorrainedesecrivains.fr\/?p=2034"},"modified":"2026-04-02T12:12:27","modified_gmt":"2026-04-02T12:12:27","slug":"soit-tu-aimes-soit-tu-aimes-pas","status":"publish","type":"post","link":"https:\/\/lalorrainedesecrivains.fr\/?p=2034","title":{"rendered":"\u00ab\u00a0Soit tu aimes, soit tu n&rsquo;aimes pas\u00a0\u00bb"},"content":{"rendered":"\n<figure class=\"wp-block-audio\"><audio controls src=\"https:\/\/lalorrainedesecrivains.fr\/wp-content\/uploads\/2021\/02\/Matthieu-Jung-Le-triomphe-de-Thomas-Zins-Editions-Anne-Carr\u00e8re-2017-pp.-538-539.mp3\"><\/audio><\/figure>\n\n\n\n<p><\/p>\n\n\n\n<p><strong>Lieux \u00e9voqu\u00e9s : Place d&rsquo;Alliance, lyc\u00e9e Jeanne d&rsquo;Arc, Galeries Saint-S\u00e9bastien, Grand h\u00f4tel de la Reine, Nancy.<\/strong><\/p>\n\n\n\n<p><\/p>\n\n\n\n<p>\u00ab\u00a0&#8211; Comment \u00e7a, tu sais pas&nbsp;? Tu en avais envie ou pas&nbsp;?<\/p>\n\n\n\n<p>\u00ad- J\u2019en sais rien.<\/p>\n\n\n\n<p>\u00ad- Tu as eu du plaisir&nbsp;?<\/p>\n\n\n\n<p>&#8211; Oui. Enfin pas vraiment.<\/p>\n\n\n\n<p>Elle lui a donn\u00e9 rendez-vous sur cette place d\u2019Alliance \u00e0 laquelle elle s\u2019est affectionn\u00e9e depuis qu\u2019au mois de juin pr\u00e9c\u00e9dent elle a \u00e9t\u00e9 convoqu\u00e9e, pour son oral de fran\u00e7ais, au lyc\u00e9e Jeanne-d\u2019Arc, sis \u00e0 deux pas d\u2019ici. Elle \u00e9tait tomb\u00e9e sur Baudelaire, \u00ab&nbsp;Correspondances&nbsp;\u00bb. Thomas, qui l\u2019attendait dehors, adoss\u00e9 aux grilles ouvrag\u00e9es, essayait de lui insuffler de l\u2019\u00e9nergie par transmission de pens\u00e9e.<\/p>\n\n\n\n<p>\u00ad C\u2019est absurde. Soit tu aimes, soit tu n\u2019aimes pas.<\/p>\n\n\n\n<p>Install\u00e9s de chaque c\u00f4t\u00e9 du dossier, sur un banc \u00e0 double assise, ils se sont retourn\u00e9s l\u2019un et l\u2019autre, de mani\u00e8re \u00e0 se faire face. Le clapotis d\u2019une fontaine \u00e9rig\u00e9e au milieu de la place agr\u00e9mente leur conversation. L\u2019eau qui coule des figures en plomb est recueillie dans un bassin de pierre chantourn\u00e9.<\/p>\n\n\n\n<p>\u00ad J\u2019arriverais pas \u00e0 expliquer.<\/p>\n\n\n\n<p>\u00ad- Allez, arr\u00eate\u2026 Je pr\u00e9f\u00e8re que tu te taises plut\u00f4t que de me mentir. Les tilleuls qui cernent le terre-plein bourgeonnent. Lui passant le bras autour de la nuque, il attire C\u00e9line \u00e0 lui et enfouit son visage au creux de son \u00e9paule, y respirant un bouquet d\u00e9licieux.<\/p>\n\n\n\n<p>&#8211; Qu\u2019est-ce que c\u2019est, ton parfum&nbsp;?<\/p>\n\n\n\n<p>&#8211; <em>Coco<\/em> de Chanel. Ils m\u2019en ont donn\u00e9 un \u00e9chantillon \u00e0 la parfumerie du Saint-Seb\u2019.<\/p>\n\n\n\n<p>Il retient les compliments qui lui montent aux l\u00e8vres car, d\u00e8s qu\u2019on l\u2019\u00e9nonce, l\u2019amour s\u2019\u00e9vente, telle une essence pr\u00e9cieuse.<\/p>\n\n\n\n<p>&#8211; Et toi, qu\u2019est-ce que tu as fait&nbsp;?<\/p>\n\n\n\n<p>&#8211; Je suis rest\u00e9e chez moi, j\u2019ai travaill\u00e9. J\u2019ai un peu vu Katia, aussi.<\/p>\n\n\n\n<p>Elle va la lui foutre encore longtemps dans les pattes, celle-l\u00e0&nbsp;? N\u2019\u00e9tant gu\u00e8re en position d\u2019exiger des comptes, il ne moufte pas.<\/p>\n\n\n\n<p>&#8211; Elle s\u2019engueule de plus en plus avec son p\u00e8re. S\u2019il apprend qu\u2019elle est lesbienne, il la r\u00e9pudiera. En plus de \u00e7a, ses parents se disputent tout le temps. Si \u00e7a se trouve, ils vont divorcer.<\/p>\n\n\n\n<p>Il \u00e9vite aussi d\u2019\u00e9piloguer sur la lubie qui l\u2019a pouss\u00e9e \u00e0 s\u2019acheter l\u2019imperm\u00e9able en toile blanc et le col roul\u00e9 en mohair bleu \u00e9lectrique qu\u2019elle \u00e9trenne l\u2019un et l\u2019autre. Le manteau, qui descend jusqu\u2019\u00e0 ses genoux, la rapetisse et le trop vif coloris de la laine ternit l\u2019\u00e9clat de ses iris.<\/p>\n\n\n\n<p>&#8211; J\u2019ai rempli mon dossier pour aller en hypokh\u00e2gne, aussi.<\/p>\n\n\n\n<p>Thomas s\u2019assombrit.<\/p>\n\n\n\n<p>&#8211; On marche un peu&nbsp;? Demande-telle en se levant.<\/p>\n\n\n\n<p>Ils longent le Grand H\u00f4tel de la Reine, par la rue Lyautey.\u00a0\u00bb<\/p>\n\n\n\n<p><strong>Matthieu Jung, <em>Le triomphe de Thomas Zins<\/em>, Editions Anne Carr\u00e8re, 2017, pp. 538-539<\/strong>.<\/p>\n\n\n\n<p><strong><sup>Iconographie : <a href=\"https:\/\/inventaire.grandest.fr\/gertrude-diffusion\/illustration\/IVR41_20175410993NUC4A\" data-type=\"URL\" data-id=\"https:\/\/inventaire.grandest.fr\/gertrude-diffusion\/illustration\/IVR41_20175410993NUC4A\">Inventaire G\u00e9n\u00e9ral du Patrimoine R\u00e9gion Grand Est<\/a><\/sup><\/strong><\/p>\n\n\n\n<p><strong><a href=\"https:\/\/fr.wikipedia.org\/wiki\/Matthieu_Jung\" target=\"_blank\" rel=\"noreferrer noopener\">En savoir plus sur l&rsquo;auteur<\/a><\/strong><\/p>\n\n\n\n<iframe loading=\"lazy\" allowfullscreen=\"\" src=\"\/\/umap.openstreetmap.fr\/fr\/map\/sur-les-pas-des-ecrivains-en-lorraine_50581?scaleControl=false&amp;miniMap=false&amp;scrollWheelZoom=true&amp;zoomControl=null&amp;allowEdit=false&amp;moreControl=false&amp;searchControl=null&amp;tilelayersControl=null&amp;embedControl=null&amp;datalayersControl=true&amp;onLoadPanel=undefined&amp;captionBar=false&amp;fullscreenControl=true#20\/48.69355\/6.18467\" width=\"100%\" height=\"300px\" frameborder=\"0\"><\/iframe>\n","protected":false},"excerpt":{"rendered":"<p>Lieux \u00e9voqu\u00e9s : Place d&rsquo;Alliance, lyc\u00e9e Jeanne d&rsquo;Arc, Galeries Saint-S\u00e9bastien, Grand h\u00f4tel de la Reine, Nancy. \u00ab\u00a0&#8211; Comment \u00e7a, tu sais pas&nbsp;? Tu en avais envie ou pas&nbsp;? \u00ad- J\u2019en sais rien. \u00ad- Tu as eu du plaisir&nbsp;? &#8211; Oui. Enfin pas vraiment. Elle lui a donn\u00e9 rendez-vous sur cette [&hellip;]<\/p>\n","protected":false},"author":1,"featured_media":5373,"comment_status":"closed","ping_status":"open","sticky":false,"template":"","format":"standard","meta":[],"categories":[18],"tags":[],"_links":{"self":[{"href":"https:\/\/lalorrainedesecrivains.fr\/index.php?rest_route=\/wp\/v2\/posts\/2034"}],"collection":[{"href":"https:\/\/lalorrainedesecrivains.fr\/index.php?rest_route=\/wp\/v2\/posts"}],"about":[{"href":"https:\/\/lalorrainedesecrivains.fr\/index.php?rest_route=\/wp\/v2\/types\/post"}],"author":[{"embeddable":true,"href":"https:\/\/lalorrainedesecrivains.fr\/index.php?rest_route=\/wp\/v2\/users\/1"}],"replies":[{"embeddable":true,"href":"https:\/\/lalorrainedesecrivains.fr\/index.php?rest_route=%2Fwp%2Fv2%2Fcomments&post=2034"}],"version-history":[{"count":19,"href":"https:\/\/lalorrainedesecrivains.fr\/index.php?rest_route=\/wp\/v2\/posts\/2034\/revisions"}],"predecessor-version":[{"id":5375,"href":"https:\/\/lalorrainedesecrivains.fr\/index.php?rest_route=\/wp\/v2\/posts\/2034\/revisions\/5375"}],"wp:featuredmedia":[{"embeddable":true,"href":"https:\/\/lalorrainedesecrivains.fr\/index.php?rest_route=\/wp\/v2\/media\/5373"}],"wp:attachment":[{"href":"https:\/\/lalorrainedesecrivains.fr\/index.php?rest_route=%2Fwp%2Fv2%2Fmedia&parent=2034"}],"wp:term":[{"taxonomy":"category","embeddable":true,"href":"https:\/\/lalorrainedesecrivains.fr\/index.php?rest_route=%2Fwp%2Fv2%2Fcategories&post=2034"},{"taxonomy":"post_tag","embeddable":true,"href":"https:\/\/lalorrainedesecrivains.fr\/index.php?rest_route=%2Fwp%2Fv2%2Ftags&post=2034"}],"curies":[{"name":"wp","href":"https:\/\/api.w.org\/{rel}","templated":true}]}}