{"id":1857,"date":"2020-12-31T10:43:16","date_gmt":"2020-12-31T10:43:16","guid":{"rendered":"http:\/\/lalorrainedesecrivains.fr\/?p=1857"},"modified":"2026-04-02T12:27:01","modified_gmt":"2026-04-02T12:27:01","slug":"chiffres-accablants","status":"publish","type":"post","link":"https:\/\/lalorrainedesecrivains.fr\/?p=1857","title":{"rendered":"Chiffres accablants"},"content":{"rendered":"\n<figure class=\"wp-block-audio\"><audio controls src=\"https:\/\/lalorrainedesecrivains.fr\/wp-content\/uploads\/2020\/12\/pays-haut-2eme-partie.mp3\"><\/audio><\/figure>\n\n\n\n<p><strong>Lieux \u00e9voqu\u00e9s : Thil et les communes alentour<\/strong>.<\/p>\n\n\n\n<p>\u00ab\u00a0En c\u00e9l\u00e9brant le courage de quelques femmes qui intervenaient pour les sauver, on d\u00e9nombrait avec effroi les otages : huit \u00e0 Piennes, dix-neuf \u00e0 Longuyon, deux cents \u00e0 Jarny et les ex\u00e9cutions : quatre \u00e0 Conflans, dix-sept \u00e0 Villerupt, onze \u00e0 Longlaville, trois \u00e0 Jarny, sept \u00e0 Br\u00e9hain-la-Cour, deux \u00e0 Longwy etc&#8230; Il n\u2019y avait pas de villes, de villages, de cit\u00e9s qui n\u2019aient de victimes \u00e0 d\u00e9plorer. Chaque soir les listes s\u2019allongeaient, tandis que les pauvres \u00eatres qui survivaient dans le camp de concentration de Thil montaient dans les wagons pour Dachau. Ils \u00e9taient encore plus d\u2019un millier.<\/p>\n\n\n\n<p>Dans la crainte d\u2019\u00eatre enr\u00f4l\u00e9s dans les camps de travail en Allemagne, des Mosellans venaient demander asile, bient\u00f4t suivis des prisonniers russes qui, de plus en plus nombreux, faussaient compagnie \u00e0 leurs ge\u00f4liers. Toujours aussi affam\u00e9s, ils chapardaient tout ce qu\u2019ils trouvaient pour survivre.<\/p>\n\n\n\n<p>Le 5 septembre, enfin ravitaill\u00e9e, la III\u00e8 arm\u00e9e se remettait en marche sur des chemins encombr\u00e9s d\u2019emb\u00fbches. Elle dut livrer bataille \u00e0 Briey (6\/8 septembre), Saint-Pierremont-Avril (7\/8 septembre), Landres-Mairy (8 septembre), Gravelotte- Saint- Ail Saint- Privat (6\/13 septembre).<\/p>\n\n\n\n<p>Toujours sur la br\u00e8che, le groupe de choc du Bataillon Libre Lorraine servait d\u2019\u00e9claireur aux avant-gardes am\u00e9ricaines. En mission \u00e0 Thionville son commandant fut tu\u00e9 avec l\u2019un de ses hommes (13 septembre).\u00a0\u00bb<\/p>\n\n\n\n<p><strong><em>Pays-Haut : dits et r\u00e9cits : 1889-1939 : roman<\/em>, Anne-Marie Blanc, Serpenoise, 1991, p. 94 95<\/strong>.<\/p>\n\n\n\n<p><strong><sup>Iconographie : <a href=\"https:\/\/fr.wikipedia.org\/wiki\/Thil_(Meurthe-et-Moselle)#\/media\/Fichier:Camp_de_Thil.jpg\">Wikipedia<\/a><\/sup><\/strong><\/p>\n\n\n\n<iframe loading=\"lazy\" allowfullscreen=\"\" src=\"\/\/umap.openstreetmap.fr\/fr\/map\/sur-les-pas-des-ecrivains-en-lorraine_50581?scaleControl=false&amp;miniMap=false&amp;scrollWheelZoom=true&amp;zoomControl=null&amp;allowEdit=false&amp;moreControl=false&amp;searchControl=null&amp;tilelayersControl=null&amp;embedControl=null&amp;datalayersControl=null&amp;onLoadPanel=undefined&amp;captionBar=false&amp;fullscreenControl=true#16\/49.4671\/5.8996\" width=\"100%\" height=\"300px\" frameborder=\"0\"><\/iframe>\n","protected":false},"excerpt":{"rendered":"<p>Lieux \u00e9voqu\u00e9s : Thil et les communes alentour. \u00ab\u00a0En c\u00e9l\u00e9brant le courage de quelques femmes qui intervenaient pour les sauver, on d\u00e9nombrait avec effroi les otages : huit \u00e0 Piennes, dix-neuf \u00e0 Longuyon, deux cents \u00e0 Jarny et les ex\u00e9cutions : quatre \u00e0 Conflans, dix-sept \u00e0 Villerupt, onze \u00e0 Longlaville, [&hellip;]<\/p>\n","protected":false},"author":1,"featured_media":1859,"comment_status":"closed","ping_status":"open","sticky":false,"template":"","format":"standard","meta":[],"categories":[44],"tags":[],"_links":{"self":[{"href":"https:\/\/lalorrainedesecrivains.fr\/index.php?rest_route=\/wp\/v2\/posts\/1857"}],"collection":[{"href":"https:\/\/lalorrainedesecrivains.fr\/index.php?rest_route=\/wp\/v2\/posts"}],"about":[{"href":"https:\/\/lalorrainedesecrivains.fr\/index.php?rest_route=\/wp\/v2\/types\/post"}],"author":[{"embeddable":true,"href":"https:\/\/lalorrainedesecrivains.fr\/index.php?rest_route=\/wp\/v2\/users\/1"}],"replies":[{"embeddable":true,"href":"https:\/\/lalorrainedesecrivains.fr\/index.php?rest_route=%2Fwp%2Fv2%2Fcomments&post=1857"}],"version-history":[{"count":4,"href":"https:\/\/lalorrainedesecrivains.fr\/index.php?rest_route=\/wp\/v2\/posts\/1857\/revisions"}],"predecessor-version":[{"id":5383,"href":"https:\/\/lalorrainedesecrivains.fr\/index.php?rest_route=\/wp\/v2\/posts\/1857\/revisions\/5383"}],"wp:featuredmedia":[{"embeddable":true,"href":"https:\/\/lalorrainedesecrivains.fr\/index.php?rest_route=\/wp\/v2\/media\/1859"}],"wp:attachment":[{"href":"https:\/\/lalorrainedesecrivains.fr\/index.php?rest_route=%2Fwp%2Fv2%2Fmedia&parent=1857"}],"wp:term":[{"taxonomy":"category","embeddable":true,"href":"https:\/\/lalorrainedesecrivains.fr\/index.php?rest_route=%2Fwp%2Fv2%2Fcategories&post=1857"},{"taxonomy":"post_tag","embeddable":true,"href":"https:\/\/lalorrainedesecrivains.fr\/index.php?rest_route=%2Fwp%2Fv2%2Ftags&post=1857"}],"curies":[{"name":"wp","href":"https:\/\/api.w.org\/{rel}","templated":true}]}}