{"id":1832,"date":"2020-12-16T16:46:04","date_gmt":"2020-12-16T16:46:04","guid":{"rendered":"http:\/\/lalorrainedesecrivains.fr\/?p=1832"},"modified":"2026-04-02T12:48:12","modified_gmt":"2026-04-02T12:48:12","slug":"therapie","status":"publish","type":"post","link":"https:\/\/lalorrainedesecrivains.fr\/?p=1832","title":{"rendered":"Th\u00e9rapie"},"content":{"rendered":"\n<figure class=\"wp-block-audio\"><audio controls src=\"http:\/\/lalorrainedesecrivains.fr\/wp-content\/uploads\/2020\/12\/Dans-la-toile-Vincent-Hauuy-\u00e9ditions-Hugo-thriller-p48-49.mp3\"><\/audio><\/figure>\n\n\n\n<p><\/p>\n\n\n\n<p><strong>Lieu \u00e9voqu\u00e9 : G\u00e9rardmer<\/strong>.<\/p>\n\n\n\n<p>\u00ab&nbsp;Je me sens si faible sans la chaise que je pourrais m\u2019\u00e9crouler.<\/p>\n\n\n\n<p>Je reconnais les sympt\u00f4mes d\u2019un manque d\u2019oxyg\u00e8ne. Le temps est venu d\u2019aller glisser une canule nasale sous mes narines.<\/p>\n\n\n\n<p>J\u2019enregistre mon activit\u00e9 sur l\u2019agenda de mon t\u00e9l\u00e9phone ainsi que la cause de son arr\u00eat.<\/p>\n\n\n\n<p>\u00ab&nbsp;Peinture&nbsp;: 2 heures. Migraine. Oxyg\u00e9nation insuffisante.&nbsp;\u00bb<\/p>\n\n\n\n<p>Mon pouls est rapide et ma tension doit \u00eatre \u00e9lev\u00e9e.<\/p>\n\n\n\n<p>Mais avant de me rendre dans ma chambre et d\u2019aller rendre une petite visite \u00e0 monsieur O2, je consulte mes courriels.<\/p>\n\n\n\n<p>J\u2019ai re\u00e7u un message du docteur Adam.<\/p>\n\n\n\n<p><em>Ch\u00e8re madame Northwood-Gros,<\/em><\/p>\n\n\n\n<p><em>J\u2019esp\u00e8re que tout va bien et que vous \u00eates bien install\u00e9s dans votre nouvelle maison. Je me permets de vous \u00e9crire pour vous rappeler combien il est important que vous poursuiviez votre th\u00e9rapie. J\u2019ai fait quelques recherches et je peux vous diriger vers un coll\u00e8gue qui officie \u00e0 Gerardmer. Il me semble que ce n\u2019est pas tr\u00e8s loin de Plainfaind. Vous trouverez ses coordonn\u00e9es dans un lien attach\u00e9 \u00e0 ce mail. En attendant, n\u2019h\u00e9sitez pas \u00e0 me contacter si vous avez la moindre question ou si vous voulez parler.<\/em><\/p>\n\n\n\n<p><em>Cordialement,<\/em><\/p>\n\n\n\n<p><em>Docteur Jean-Philippe Adam<\/em><\/p>\n\n\n\n<p>J\u2019appr\u00e9cie sa conscience professionnelle et sa sollicitude me touche. Mais d\u00e9sol\u00e9e, <em>Jean-Philippe<\/em>, je ne ferai pas marche arri\u00e8re.&nbsp;\u00bb<\/p>\n\n\n\n<p><strong>Vincent Hauuy, <em>Dans la toile<\/em>, \u00e9ditions Hugo thriller, 2019, p.48-49<\/strong>.<\/p>\n\n\n\n<p><strong><sup>Iconographie :  L. Dupeyron<\/sup><\/strong><br><strong><a rel=\"noreferrer noopener\" href=\"https:\/\/fr.wikipedia.org\/wiki\/Vincent_Hauuy\" target=\"_blank\">En savoir plus sur l&rsquo;auteur<\/a><\/strong><\/p>\n\n\n\n<p><\/p>\n\n\n\n<iframe loading=\"lazy\" allowfullscreen=\"\" src=\"\/\/umap.openstreetmap.fr\/fr\/map\/sur-les-pas-des-ecrivains-en-lorraine_50581?scaleControl=false&amp;miniMap=false&amp;scrollWheelZoom=true&amp;zoomControl=null&amp;allowEdit=false&amp;moreControl=false&amp;searchControl=null&amp;tilelayersControl=null&amp;embedControl=null&amp;datalayersControl=true&amp;onLoadPanel=undefined&amp;captionBar=false&amp;fullscreenControl=true#16\/48.0724\/6.8757\" width=\"100%\" height=\"300px\" frameborder=\"0\"><\/iframe>\n","protected":false},"excerpt":{"rendered":"<p>Lieu \u00e9voqu\u00e9 : G\u00e9rardmer. \u00ab&nbsp;Je me sens si faible sans la chaise que je pourrais m\u2019\u00e9crouler. Je reconnais les sympt\u00f4mes d\u2019un manque d\u2019oxyg\u00e8ne. Le temps est venu d\u2019aller glisser une canule nasale sous mes narines. J\u2019enregistre mon activit\u00e9 sur l\u2019agenda de mon t\u00e9l\u00e9phone ainsi que la cause de son arr\u00eat. [&hellip;]<\/p>\n","protected":false},"author":1,"featured_media":5392,"comment_status":"closed","ping_status":"open","sticky":false,"template":"","format":"standard","meta":[],"categories":[50],"tags":[],"_links":{"self":[{"href":"https:\/\/lalorrainedesecrivains.fr\/index.php?rest_route=\/wp\/v2\/posts\/1832"}],"collection":[{"href":"https:\/\/lalorrainedesecrivains.fr\/index.php?rest_route=\/wp\/v2\/posts"}],"about":[{"href":"https:\/\/lalorrainedesecrivains.fr\/index.php?rest_route=\/wp\/v2\/types\/post"}],"author":[{"embeddable":true,"href":"https:\/\/lalorrainedesecrivains.fr\/index.php?rest_route=\/wp\/v2\/users\/1"}],"replies":[{"embeddable":true,"href":"https:\/\/lalorrainedesecrivains.fr\/index.php?rest_route=%2Fwp%2Fv2%2Fcomments&post=1832"}],"version-history":[{"count":7,"href":"https:\/\/lalorrainedesecrivains.fr\/index.php?rest_route=\/wp\/v2\/posts\/1832\/revisions"}],"predecessor-version":[{"id":5394,"href":"https:\/\/lalorrainedesecrivains.fr\/index.php?rest_route=\/wp\/v2\/posts\/1832\/revisions\/5394"}],"wp:featuredmedia":[{"embeddable":true,"href":"https:\/\/lalorrainedesecrivains.fr\/index.php?rest_route=\/wp\/v2\/media\/5392"}],"wp:attachment":[{"href":"https:\/\/lalorrainedesecrivains.fr\/index.php?rest_route=%2Fwp%2Fv2%2Fmedia&parent=1832"}],"wp:term":[{"taxonomy":"category","embeddable":true,"href":"https:\/\/lalorrainedesecrivains.fr\/index.php?rest_route=%2Fwp%2Fv2%2Fcategories&post=1832"},{"taxonomy":"post_tag","embeddable":true,"href":"https:\/\/lalorrainedesecrivains.fr\/index.php?rest_route=%2Fwp%2Fv2%2Ftags&post=1832"}],"curies":[{"name":"wp","href":"https:\/\/api.w.org\/{rel}","templated":true}]}}