{"id":1828,"date":"2020-12-10T16:19:25","date_gmt":"2020-12-10T16:19:25","guid":{"rendered":"http:\/\/lalorrainedesecrivains.fr\/?p=1828"},"modified":"2026-04-02T13:35:11","modified_gmt":"2026-04-02T13:35:11","slug":"sinistre-trajet","status":"publish","type":"post","link":"https:\/\/lalorrainedesecrivains.fr\/?p=1828","title":{"rendered":"Sinistre trajet"},"content":{"rendered":"\n<figure class=\"wp-block-audio\"><audio controls src=\"http:\/\/lalorrainedesecrivains.fr\/wp-content\/uploads\/2020\/12\/Dans-la-toile-Vincent-Hauuy-\u00e9ditions-Hugo-thriller-p19.mp3\"><\/audio><\/figure>\n\n\n\n<p><strong>Lieux \u00e9voqu\u00e9s : Plainfaing, Fraize<\/strong>.<\/p>\n\n\n\n<p><strong>Plainfaing, vendredi 10 novembre 2017, 21:45<\/strong><\/p>\n\n\n\n<p>\u00ab\u00a0Le BMWX6 quitte la D145 et bifurque vers les Auvernelles.<\/p>\n\n\n\n<p>Le tout-terrain est forc\u00e9 de freiner sa course endiabl\u00e9e pour s\u2019engager sur le chemin \u00e9troit. Je me d\u00e9crispe, mais je reste coll\u00e9e au dossier et garde mes ongles enfonc\u00e9s dans le si\u00e8ge en cuir. Tant que le v\u00e9hicule ne sera pas \u00e0 l\u2019arr\u00eat total, je ne pourrai pas reprendre une respiration r\u00e9guli\u00e8re. Je maudis Franck qui vient de faire le trajet d\u2019une traite, pied au plancher. Il est parti comme s\u2019il voulait mettre notre vie \u00e0 Paris derri\u00e8re lui.<\/p>\n\n\n\n<p>M\u00eame la brume ne l\u2019a pas stopp\u00e9. Ni le d\u00e9cor sinistre.<\/p>\n\n\n\n<p>Il n\u2019a ralenti que dans les agglom\u00e9rations bordant la d\u00e9partementale.<\/p>\n\n\n\n<p>La travers\u00e9e de Fraize et de Plainfaing faite sous la lumi\u00e8re des phares a d\u00e9voil\u00e9 par intermittence des paysages ruraux lugubres.<\/p>\n\n\n\n<p>Maisons mitoyennes grises, craquel\u00e9es, pourvues de petites fen\u00eatres ferm\u00e9es, et dont les entr\u00e9es d\u00e9bouchaient sur des trottoirs fissur\u00e9s. Les quelques beaux chalets aux pelouses rases et aux jardins fleuris \u00e9taient cl\u00f4tur\u00e9s et en retrait, tenus \u00e0 l\u2019\u00e9cart d\u2019une mis\u00e8re contagieuse.<\/p>\n\n\n\n<p>Sinistre, oui. Mais pas plus que cette vie en m\u00e9tropole. Emprisonn\u00e9e au cinqui\u00e8me \u00e9tage d\u2019un vieil immeuble parisien, emmur\u00e9e dans mes angoisses avec l\u2019\u00e9cran d\u2019un ordinateur portable pour seule fen\u00eatre sur le monde.\u00a0\u00bb<\/p>\n\n\n\n<p><strong>Vincent Hauuy, <em>Dans la toile<\/em>, \u00e9ditions Hugo thriller, 2019, p.19<\/strong>.<br><br><a href=\"https:\/\/fr.wikipedia.org\/wiki\/Vincent_Hauuy\" target=\"_blank\" rel=\"noreferrer noopener\"><strong>En savoir plus sur l&rsquo;auteur<\/strong><\/a><\/p>\n\n\n\n<iframe loading=\"lazy\" width=\"100%\" height=\"300px\" frameborder=\"0\" allowfullscreen=\"\" src=\"\/\/umap.openstreetmap.fr\/fr\/map\/sur-les-pas-des-ecrivains-en-lorraine_50581?scaleControl=false&amp;miniMap=false&amp;scrollWheelZoom=true&amp;zoomControl=null&amp;allowEdit=false&amp;moreControl=false&amp;searchControl=null&amp;tilelayersControl=null&amp;embedControl=null&amp;datalayersControl=true&amp;onLoadPanel=undefined&amp;captionBar=false&amp;fullscreenControl=true#17\/48.17272\/7.02651\"><\/iframe>\n","protected":false},"excerpt":{"rendered":"<p>Lieux \u00e9voqu\u00e9s : Plainfaing, Fraize. Plainfaing, vendredi 10 novembre 2017, 21:45 \u00ab\u00a0Le BMWX6 quitte la D145 et bifurque vers les Auvernelles. Le tout-terrain est forc\u00e9 de freiner sa course endiabl\u00e9e pour s\u2019engager sur le chemin \u00e9troit. Je me d\u00e9crispe, mais je reste coll\u00e9e au dossier et garde mes ongles enfonc\u00e9s [&hellip;]<\/p>\n","protected":false},"author":1,"featured_media":0,"comment_status":"closed","ping_status":"open","sticky":false,"template":"","format":"standard","meta":[],"categories":[50],"tags":[],"_links":{"self":[{"href":"https:\/\/lalorrainedesecrivains.fr\/index.php?rest_route=\/wp\/v2\/posts\/1828"}],"collection":[{"href":"https:\/\/lalorrainedesecrivains.fr\/index.php?rest_route=\/wp\/v2\/posts"}],"about":[{"href":"https:\/\/lalorrainedesecrivains.fr\/index.php?rest_route=\/wp\/v2\/types\/post"}],"author":[{"embeddable":true,"href":"https:\/\/lalorrainedesecrivains.fr\/index.php?rest_route=\/wp\/v2\/users\/1"}],"replies":[{"embeddable":true,"href":"https:\/\/lalorrainedesecrivains.fr\/index.php?rest_route=%2Fwp%2Fv2%2Fcomments&post=1828"}],"version-history":[{"count":7,"href":"https:\/\/lalorrainedesecrivains.fr\/index.php?rest_route=\/wp\/v2\/posts\/1828\/revisions"}],"predecessor-version":[{"id":3394,"href":"https:\/\/lalorrainedesecrivains.fr\/index.php?rest_route=\/wp\/v2\/posts\/1828\/revisions\/3394"}],"wp:attachment":[{"href":"https:\/\/lalorrainedesecrivains.fr\/index.php?rest_route=%2Fwp%2Fv2%2Fmedia&parent=1828"}],"wp:term":[{"taxonomy":"category","embeddable":true,"href":"https:\/\/lalorrainedesecrivains.fr\/index.php?rest_route=%2Fwp%2Fv2%2Fcategories&post=1828"},{"taxonomy":"post_tag","embeddable":true,"href":"https:\/\/lalorrainedesecrivains.fr\/index.php?rest_route=%2Fwp%2Fv2%2Ftags&post=1828"}],"curies":[{"name":"wp","href":"https:\/\/api.w.org\/{rel}","templated":true}]}}