{"id":1815,"date":"2020-12-10T16:13:51","date_gmt":"2020-12-10T16:13:51","guid":{"rendered":"http:\/\/lalorrainedesecrivains.fr\/?p=1815"},"modified":"2026-04-02T13:36:01","modified_gmt":"2026-04-02T13:36:01","slug":"la-guerre-de-cent-ans","status":"publish","type":"post","link":"https:\/\/lalorrainedesecrivains.fr\/?p=1815","title":{"rendered":"La guerre de Trente Ans"},"content":{"rendered":"\n<figure class=\"wp-block-audio\"><audio controls src=\"http:\/\/lalorrainedesecrivains.fr\/wp-content\/uploads\/2020\/12\/veillet-1.mp3\"><\/audio><\/figure>\n\n\n\n<p><strong>Lieu \u00e9voqu\u00e9 : Barrois<\/strong>.<\/p>\n\n\n\n<p>\u00ab\u00a0Les troubles et les conflits qui n\u2019en finissaient pas sous la minorit\u00e9 de Louis XIV avaient plong\u00e9 le royaume de France et les territoires d\u00e9vast\u00e9s du duch\u00e9 de Lorraine dans une situation \u00e9conomique particuli\u00e8rement \u00e9pouvantable.<\/p>\n\n\n\n<p>En ce d\u00e9but de l\u2019an de gr\u00e2ce 1658, il fallait de l\u2019argent, beaucoup d\u2019argent, toujours plus d\u2019argent, pour reconstituer les arm\u00e9es et faire prosp\u00e9rer le pouvoir bic\u00e9phale.<\/p>\n\n\n\n<p>Les taxes et impositions en tous genres tombaient en force sur le Barrois pourtant amplement ruin\u00e9 et le mar\u00e9chal Henri de La Fert\u00e9-Senneterre, gouverneur de Lorraine nomm\u00e9 par Mazarin, s\u2019employa avec un z\u00e8le scrupuleux \u00e0 saigner tous azimuts et \u00e0 pomper sans vergogne la moindre veine apparente qui f\u00fbt \u00e0 m\u00eame d\u2019alimenter les besoins colossaux de la R\u00e9gence, mais \u00e9galement, \u00e0 ce que l\u2019on sait, de parfaire les rondeurs de son propre compte.<\/p>\n\n\n\n<p>Comme il n\u2019existait aucun \u00eelot de tranquillit\u00e9 qui p\u00fbt \u00e9chapper \u00e0 la voracit\u00e9 du mar\u00e9chal, madame de Saint-Baslemont fut mise \u00e0 contribution comme tout un chacun, et on lui demanda d\u2019accueillir \u00e0 ses frais exclusifs un r\u00e9giment de cavalerie sur ses terres.<\/p>\n\n\n\n<p>En raison des charges colossales qu\u2019auraient occasionn\u00e9es pour la collectivit\u00e9 neuvilloise le fonctionnement et l\u2019entretien d\u2019une telle unit\u00e9, la dame refusa courtoisement.<\/p>\n\n\n\n<p>Ce refus offensa la R\u00e9gence et allait \u00eatre pour la dame de Neuville le d\u00e9but de ses incommensurables ennuis financiers.<\/p>\n\n\n\n<p>Le ch\u00e2teau fut r\u00e9quisitionn\u00e9 et un \u00ab&nbsp;mandataire, gestionnaire, liquidateur&nbsp;\u00bb nomm\u00e9. Ce dernier eut dor\u00e9navant la haute main sur les affaires de la seigneurie, madame de Saint-Baslemont n\u2019\u00e9tant pour ainsi dire plus rien chez elle, sinon un faire-valoir inconsistant que l\u2019on \u00e9vitait de consulter, y compris pour les op\u00e9rations les plus d\u00e9licates et les d\u00e9cisions les plus engageantes.<\/p>\n\n\n\n<p>Min\u00e9e par la maladie, us\u00e9e moralement par la s\u00e9v\u00e8re cruaut\u00e9 de ses nombreux malheurs, la ch\u00e2telaine se r\u00e9solut \u00e0 quitter la triste vie du monde pour celle du clo\u00eetre, qu\u2019elle esp\u00e9rait tranquille et radieuse, et o\u00f9 elle pourrait sereinement \u00e9lever son \u00e2me \u00e0 Dieu.<\/p>\n\n\n\n<p>Elle choisit l\u2019ordre le plus aust\u00e8re, celui des religieuses de Sainte-Claire du monast\u00e8re de Bar.\u00a0\u00bb<\/p>\n\n\n\n<p><strong>Claude Veillet, <em>Le cr\u00e8ve c\u0153ur de la dame de Neuville<\/em>, \u00c9ditions des Paraiges, pp. 129-130<\/strong>.<\/p>\n\n\n\n<iframe loading=\"lazy\" width=\"100%\" height=\"300px\" frameborder=\"0\" allowfullscreen=\"\" src=\"\/\/umap.openstreetmap.fr\/fr\/map\/sur-les-pas-des-ecrivains-en-lorraine_50581?scaleControl=false&amp;miniMap=false&amp;scrollWheelZoom=true&amp;zoomControl=null&amp;allowEdit=false&amp;moreControl=false&amp;searchControl=null&amp;tilelayersControl=null&amp;embedControl=null&amp;datalayersControl=true&amp;onLoadPanel=undefined&amp;captionBar=false&amp;fullscreenControl=true#16\/48.7673\/5.1674\"><\/iframe>\n","protected":false},"excerpt":{"rendered":"<p>Lieu \u00e9voqu\u00e9 : Barrois. \u00ab\u00a0Les troubles et les conflits qui n\u2019en finissaient pas sous la minorit\u00e9 de Louis XIV avaient plong\u00e9 le royaume de France et les territoires d\u00e9vast\u00e9s du duch\u00e9 de Lorraine dans une situation \u00e9conomique particuli\u00e8rement \u00e9pouvantable. En ce d\u00e9but de l\u2019an de gr\u00e2ce 1658, il fallait de [&hellip;]<\/p>\n","protected":false},"author":1,"featured_media":0,"comment_status":"closed","ping_status":"open","sticky":false,"template":"","format":"standard","meta":[],"categories":[52],"tags":[],"_links":{"self":[{"href":"https:\/\/lalorrainedesecrivains.fr\/index.php?rest_route=\/wp\/v2\/posts\/1815"}],"collection":[{"href":"https:\/\/lalorrainedesecrivains.fr\/index.php?rest_route=\/wp\/v2\/posts"}],"about":[{"href":"https:\/\/lalorrainedesecrivains.fr\/index.php?rest_route=\/wp\/v2\/types\/post"}],"author":[{"embeddable":true,"href":"https:\/\/lalorrainedesecrivains.fr\/index.php?rest_route=\/wp\/v2\/users\/1"}],"replies":[{"embeddable":true,"href":"https:\/\/lalorrainedesecrivains.fr\/index.php?rest_route=%2Fwp%2Fv2%2Fcomments&post=1815"}],"version-history":[{"count":6,"href":"https:\/\/lalorrainedesecrivains.fr\/index.php?rest_route=\/wp\/v2\/posts\/1815\/revisions"}],"predecessor-version":[{"id":3600,"href":"https:\/\/lalorrainedesecrivains.fr\/index.php?rest_route=\/wp\/v2\/posts\/1815\/revisions\/3600"}],"wp:attachment":[{"href":"https:\/\/lalorrainedesecrivains.fr\/index.php?rest_route=%2Fwp%2Fv2%2Fmedia&parent=1815"}],"wp:term":[{"taxonomy":"category","embeddable":true,"href":"https:\/\/lalorrainedesecrivains.fr\/index.php?rest_route=%2Fwp%2Fv2%2Fcategories&post=1815"},{"taxonomy":"post_tag","embeddable":true,"href":"https:\/\/lalorrainedesecrivains.fr\/index.php?rest_route=%2Fwp%2Fv2%2Ftags&post=1815"}],"curies":[{"name":"wp","href":"https:\/\/api.w.org\/{rel}","templated":true}]}}