{"id":1708,"date":"2020-11-27T11:14:41","date_gmt":"2020-11-27T11:14:41","guid":{"rendered":"http:\/\/lalorrainedesecrivains.fr\/?p=1708"},"modified":"2026-04-02T13:56:18","modified_gmt":"2026-04-02T13:56:18","slug":"somptueuse-demeure","status":"publish","type":"post","link":"https:\/\/lalorrainedesecrivains.fr\/?p=1708","title":{"rendered":"Somptueuse demeure"},"content":{"rendered":"\n<figure class=\"wp-block-audio\"><audio controls src=\"https:\/\/lalorrainedesecrivains.fr\/wp-content\/uploads\/2020\/11\/Une-si-longue-vie2.mp3\"><\/audio><\/figure>\n\n\n\n<p><\/p>\n\n\n\n<p><strong>Lieux \u00e9voqu\u00e9s : rue de Saverne<\/strong>,  <strong>rue des Glacis<\/strong>, <strong>cours L\u00e9opold<\/strong>.<\/p>\n\n\n\n<p>\u00ab\u00a0Au d\u00e9but de l\u2019ann\u00e9e 1950, Monsieur Marcan vint un jour, nous annoncer que nos bureaux allaient \u00eatre transf\u00e9r\u00e9s, de la modeste rue de Saverne \u00e0 la plus \u00ab&nbsp;bourgeoise&nbsp;\u00bb rue des Glacis, tout pr\u00e8s du cours L\u00e9opold, c\u2019est-\u00e0-dire dans un secteur de la ville plus central. Muet d\u2019admiration, je visitais avec lui une somptueuse villa de style Mansart, construite vers 1850 et orn\u00e9e de magnifiques tableaux et de lustres anciens. On eut dit un mus\u00e9e&nbsp;! C\u2019\u00e9tait un mus\u00e9e&nbsp;! Il avait \u00e9t\u00e9 b\u00e2ti par un anc\u00eatre de la propri\u00e9taire, ancien fermier g\u00e9n\u00e9ral de Louis XV, durant le grand XVII<sup>e<\/sup> si\u00e8cle. Le fermier g\u00e9n\u00e9ral \u00e9tait charg\u00e9 de la collecte des imp\u00f4ts dans les provinces. Il avait donc un grand pouvoir et, s\u2019il s\u2019acquittait correctement de sa mission, il en \u00e9tait somptueusement r\u00e9compens\u00e9 par le pouvoir royal.<\/p>\n\n\n\n<p>La derni\u00e8re descendante de cette riche lign\u00e9e, tr\u00e8s \u00e2g\u00e9e, Madame Elie, occupait seule ce v\u00e9ritable petit ch\u00e2teau situ\u00e9 au milieu d\u2019un parc de six mille sept cents m\u00e8tres carr\u00e9s de superficie. Elle voulait participer, \u00e0 sa fa\u00e7on, \u00e0 une bonne \u0153uvre et monsieur Marcan l\u2019avait convaincu de la noblesse de la t\u00e2che que nous accomplissions.\u00a0\u00bb<\/p>\n\n\n\n<p><strong>Claude Blique, <em>Une si longue vie, autobiographie<\/em>, G\u00e9rard Louis \u00e9diteur, 2019,<\/strong> <strong>p. 316<\/strong>.<\/p>\n\n\n\n<iframe loading=\"lazy\" allowfullscreen=\"\" src=\"\/\/umap.openstreetmap.fr\/fr\/map\/sur-les-pas-des-ecrivains-en-lorraine_50581?scaleControl=false&amp;miniMap=false&amp;scrollWheelZoom=true&amp;zoomControl=null&amp;allowEdit=false&amp;moreControl=false&amp;searchControl=null&amp;tilelayersControl=null&amp;embedControl=null&amp;datalayersControl=null&amp;onLoadPanel=undefined&amp;captionBar=false&amp;fullscreenControl=true#16\/48.7004\/6.1749\" width=\"100%\" height=\"300px\" frameborder=\"0\"><\/iframe>\n","protected":false},"excerpt":{"rendered":"<p>Lieux \u00e9voqu\u00e9s : rue de Saverne, rue des Glacis, cours L\u00e9opold. \u00ab\u00a0Au d\u00e9but de l\u2019ann\u00e9e 1950, Monsieur Marcan vint un jour, nous annoncer que nos bureaux allaient \u00eatre transf\u00e9r\u00e9s, de la modeste rue de Saverne \u00e0 la plus \u00ab&nbsp;bourgeoise&nbsp;\u00bb rue des Glacis, tout pr\u00e8s du cours L\u00e9opold, c\u2019est-\u00e0-dire dans un [&hellip;]<\/p>\n","protected":false},"author":1,"featured_media":0,"comment_status":"closed","ping_status":"open","sticky":false,"template":"","format":"standard","meta":[],"categories":[56],"tags":[],"_links":{"self":[{"href":"https:\/\/lalorrainedesecrivains.fr\/index.php?rest_route=\/wp\/v2\/posts\/1708"}],"collection":[{"href":"https:\/\/lalorrainedesecrivains.fr\/index.php?rest_route=\/wp\/v2\/posts"}],"about":[{"href":"https:\/\/lalorrainedesecrivains.fr\/index.php?rest_route=\/wp\/v2\/types\/post"}],"author":[{"embeddable":true,"href":"https:\/\/lalorrainedesecrivains.fr\/index.php?rest_route=\/wp\/v2\/users\/1"}],"replies":[{"embeddable":true,"href":"https:\/\/lalorrainedesecrivains.fr\/index.php?rest_route=%2Fwp%2Fv2%2Fcomments&post=1708"}],"version-history":[{"count":7,"href":"https:\/\/lalorrainedesecrivains.fr\/index.php?rest_route=\/wp\/v2\/posts\/1708\/revisions"}],"predecessor-version":[{"id":2561,"href":"https:\/\/lalorrainedesecrivains.fr\/index.php?rest_route=\/wp\/v2\/posts\/1708\/revisions\/2561"}],"wp:attachment":[{"href":"https:\/\/lalorrainedesecrivains.fr\/index.php?rest_route=%2Fwp%2Fv2%2Fmedia&parent=1708"}],"wp:term":[{"taxonomy":"category","embeddable":true,"href":"https:\/\/lalorrainedesecrivains.fr\/index.php?rest_route=%2Fwp%2Fv2%2Fcategories&post=1708"},{"taxonomy":"post_tag","embeddable":true,"href":"https:\/\/lalorrainedesecrivains.fr\/index.php?rest_route=%2Fwp%2Fv2%2Ftags&post=1708"}],"curies":[{"name":"wp","href":"https:\/\/api.w.org\/{rel}","templated":true}]}}