{"id":1696,"date":"2020-12-02T10:15:28","date_gmt":"2020-12-02T10:15:28","guid":{"rendered":"http:\/\/lalorrainedesecrivains.fr\/?p=1696"},"modified":"2026-04-02T13:48:38","modified_gmt":"2026-04-02T13:48:38","slug":"le-roi-de-france-le-roi-soleil","status":"publish","type":"post","link":"https:\/\/lalorrainedesecrivains.fr\/?p=1696","title":{"rendered":"\u00ab\u00a0Le roi de France, le Roi-Soleil\u00a0\u00bb"},"content":{"rendered":"\n<figure class=\"wp-block-audio\"><audio controls src=\"http:\/\/lalorrainedesecrivains.fr\/wp-content\/uploads\/2020\/11\/52-Petites-histoires.mp3\"><\/audio><\/figure>\n\n\n\n<p><strong>Lieux \u00e9voqu\u00e9s : Palais Ducal, Eglise Saint-Epvre, Nancy<\/strong>.<\/p>\n\n\n\n<p>Pour agr\u00e9menter le repas de Sa Majest\u00e9<\/p>\n\n\n\n<p>\u00ab\u00a0Nancy, 1673. Pour nous autres Lorrains, les temps \u00e9taient sombres, compliqu\u00e9s, et p\u00e9nibles. Il y a trois ans, la France nous avait envahis et nous craignions de perdre d\u00e9finitivement notre ind\u00e9pendance. Au printemps, la rumeur annon\u00e7a que Louis le Quatorzi\u00e8me nous rendrait visite. Il logerait \u00e0 Nancy pour quelques temps. Cette nouvelle fut accueillie avec le sentiment mitig\u00e9 de la ranc\u0153ur et, il faut bien le dire, d\u2019une immense curiosit\u00e9. Louis \u00e9tait tout de m\u00eame le roi le plus puissant d\u2019Europe&nbsp;! Je me disais que les plus chanceux pourraient peut-\u00eatre l\u2019apercevoir lors de ses d\u00e9placements. Le 31 juillet, il fut re\u00e7u fastueusement avec toute sa cour au palais ducal. Le soir m\u00eame, il y eut la r\u00e9ception des \u00ab&nbsp;Grands&nbsp;\u00bb. Des domestiques reconnurent le prince de Cond\u00e9, chevalier de l\u2019ordre du Saint-Esprit, identifiable \u00e0 la livr\u00e9e rouge de sa maison ainsi que les \u00e9v\u00eaques de Metz, Toul et Verdun. La musique fut, dit-on, sublimement jou\u00e9e par des musiciens dont certains portaient des trompettes fleurdelis\u00e9es. On raconta que le Roi, entour\u00e9 de nombreux militaires, dominait tout le monde tant sa prestance \u00e9tait exceptionnelle.<\/p>\n\n\n\n<p>J\u2019\u00e9tais l\u2019un des sonneurs attitr\u00e9s de l\u2019\u00e9glise Saint-Epvre, situ\u00e9e juste \u00e0 c\u00f4t\u00e9 du palais ducal. Un soir, on frappa avec insistance \u00e0 ma porte et ce fut la plus grande surprise et le plus grand honneur de ma vie. Le recteur-archipr\u00eatre s\u2019\u00e9tait tout sp\u00e9cialement d\u00e9plac\u00e9 avec deux laquais pour m\u2019annoncer une tr\u00e8s grande nouvelle&nbsp;: \u00ab&nbsp;Le roi de France, le Roi-Soleil, insista-t-il en savourant ses mots, a \u00e9mis un souhait que tu peux\u2026 accomplir.&nbsp;\u00bb Je restai stup\u00e9fait&nbsp;: \u00ab&nbsp;Moi&nbsp;?&nbsp;\u00bb dis-je. Alors, mettant sa main sur mon \u00e9paule, il pr\u00e9cisa tout de m\u00eame&nbsp;: \u00ab&nbsp;Que tu dois accomplir&nbsp;!&nbsp;\u00bb<\/p>\n\n\n\n<p><strong>Dans les archives.<\/strong><\/p>\n\n\n\n<p>Louis XIV r\u00e9sida en Lorraine du 31 juillet au 24 ao\u00fbt 1673.                     L\u2019\u00e9glise Saint-Epvre \u00e9tait pourvue d\u2019une cloche tr\u00e8s renomm\u00e9e&nbsp;:                 \u00ab&nbsp;La Charlotte&nbsp;\u00bb dont le son \u00e9tait extr\u00eamement agr\u00e9able \u00e0 entendre \u00e0 telle enseigne que le roi de France ordonna qu\u2019on la f\u00eet sonner pendant ses repas pr\u00e9f\u00e9rant, disait-il, cette musique \u00e0 celle de sa cour.\u00a0\u00bb<\/p>\n\n\n\n<p><strong>Christian Hermann, <em>52 petites histoires authentiques, surprenantes, \u00e9tranges, incroyables sur la Lorraine du temps jadis<\/em>, Paraiges litt\u00e9rature, 2018, pp. 63-64<\/strong>.<\/p>\n\n\n\n<p><strong><sup>Iconographie : L. Dupeyron<\/sup><\/strong><\/p>\n\n\n\n<iframe loading=\"lazy\" allowfullscreen=\"\" src=\"\/\/umap.openstreetmap.fr\/fr\/map\/sur-les-pas-des-ecrivains-en-lorraine_50581?scaleControl=false&amp;miniMap=false&amp;scrollWheelZoom=true&amp;zoomControl=null&amp;allowEdit=false&amp;moreControl=false&amp;searchControl=null&amp;tilelayersControl=null&amp;embedControl=null&amp;datalayersControl=null&amp;onLoadPanel=undefined&amp;captionBar=false&amp;fullscreenControl=true#18\/48.69605\/6.17997\" width=\"100%\" height=\"300px\" frameborder=\"0\"><\/iframe>\n","protected":false},"excerpt":{"rendered":"<p>Lieux \u00e9voqu\u00e9s : Palais Ducal, Eglise Saint-Epvre, Nancy. Pour agr\u00e9menter le repas de Sa Majest\u00e9 \u00ab\u00a0Nancy, 1673. Pour nous autres Lorrains, les temps \u00e9taient sombres, compliqu\u00e9s, et p\u00e9nibles. Il y a trois ans, la France nous avait envahis et nous craignions de perdre d\u00e9finitivement notre ind\u00e9pendance. Au printemps, la rumeur [&hellip;]<\/p>\n","protected":false},"author":1,"featured_media":1744,"comment_status":"closed","ping_status":"open","sticky":false,"template":"","format":"standard","meta":[],"categories":[34],"tags":[],"_links":{"self":[{"href":"https:\/\/lalorrainedesecrivains.fr\/index.php?rest_route=\/wp\/v2\/posts\/1696"}],"collection":[{"href":"https:\/\/lalorrainedesecrivains.fr\/index.php?rest_route=\/wp\/v2\/posts"}],"about":[{"href":"https:\/\/lalorrainedesecrivains.fr\/index.php?rest_route=\/wp\/v2\/types\/post"}],"author":[{"embeddable":true,"href":"https:\/\/lalorrainedesecrivains.fr\/index.php?rest_route=\/wp\/v2\/users\/1"}],"replies":[{"embeddable":true,"href":"https:\/\/lalorrainedesecrivains.fr\/index.php?rest_route=%2Fwp%2Fv2%2Fcomments&post=1696"}],"version-history":[{"count":7,"href":"https:\/\/lalorrainedesecrivains.fr\/index.php?rest_route=\/wp\/v2\/posts\/1696\/revisions"}],"predecessor-version":[{"id":5409,"href":"https:\/\/lalorrainedesecrivains.fr\/index.php?rest_route=\/wp\/v2\/posts\/1696\/revisions\/5409"}],"wp:featuredmedia":[{"embeddable":true,"href":"https:\/\/lalorrainedesecrivains.fr\/index.php?rest_route=\/wp\/v2\/media\/1744"}],"wp:attachment":[{"href":"https:\/\/lalorrainedesecrivains.fr\/index.php?rest_route=%2Fwp%2Fv2%2Fmedia&parent=1696"}],"wp:term":[{"taxonomy":"category","embeddable":true,"href":"https:\/\/lalorrainedesecrivains.fr\/index.php?rest_route=%2Fwp%2Fv2%2Fcategories&post=1696"},{"taxonomy":"post_tag","embeddable":true,"href":"https:\/\/lalorrainedesecrivains.fr\/index.php?rest_route=%2Fwp%2Fv2%2Ftags&post=1696"}],"curies":[{"name":"wp","href":"https:\/\/api.w.org\/{rel}","templated":true}]}}