{"id":1582,"date":"2020-11-24T14:14:30","date_gmt":"2020-11-24T14:14:30","guid":{"rendered":"http:\/\/lalorrainedesecrivains.fr\/?p=1582"},"modified":"2026-04-02T14:22:00","modified_gmt":"2026-04-02T14:22:00","slug":"sur-les-hauteurs-de-nancy","status":"publish","type":"post","link":"https:\/\/lalorrainedesecrivains.fr\/?p=1582","title":{"rendered":"Sur les hauteurs de Nancy"},"content":{"rendered":"\n<figure class=\"wp-block-audio\"><audio controls src=\"https:\/\/lalorrainedesecrivains.fr\/wp-content\/uploads\/2020\/11\/Dans-mon-pays-lui-m\u00eame1.mp3\"><\/audio><\/figure>\n\n\n\n<p><strong>Lieu \u00e9voqu\u00e9 : Quartier du Haut-du-Li\u00e8vre, Nancy<\/strong>.<\/p>\n\n\n\n<p><\/p>\n\n\n\n<p>\u00ab\u00a0La premi\u00e8re barre de douze \u00e9tages mesure huit cents m\u00e8tres de long. C\u2019est le record en l\u2019Europe. La deuxi\u00e8me ne s\u2019allonge que sur cinq cents m\u00e8tres. Perpendiculairement \u00e0 ces deux g\u00e9antes, une demi-douzaine de \u00ab&nbsp;petits&nbsp;\u00bb b\u00e2timents dont les fa\u00e7ades avoisinent quand m\u00eame une centaine de m\u00e8tres. A l\u2019ouest, deux \u00e9difices en forme de croix saint Andr\u00e9 comptent chacun une vingtaine d\u2019\u00e9tages. Dans la proximit\u00e9 imm\u00e9diate de cet ensemble qui domine Nancy et fait partie de sa commune, on trouve un assortiment assez vari\u00e9 d\u2019immeubles. Certains -une minorit\u00e9- rappelle les constructions des faubourgs de Moscou ou de Saint-P\u00e9tersbourg. Cela tient \u00e0 leur grisaille autant qu\u2019\u00e0 l\u2019impression qu\u2019ils d\u00e9gagent de n\u2019avoir pas \u00e9t\u00e9 termin\u00e9s, sans que l\u2019on puisse d\u00e9signer pr\u00e9cis\u00e9ment ce qui n\u2019a pas \u00e9t\u00e9 fini. D\u2019autres ont une allure banale et ne sont remarquables que par leur nombre.<\/p>\n\n\n\n<p>Le quartier ne s\u2019appelle pas B\u00e9tonville, mais \u201cLe Haut-du-Li\u00e8vre\u201d. Les immeubles ou les tranches d\u2019immeubles ont \u00e9t\u00e9 baptis\u00e9s \u00ab&nbsp;Le H\u00eatre pourpre&nbsp;\u00bb, \u00ab&nbsp;Les Lilas&nbsp;\u00bb, \u00ab&nbsp;Les Tamaris&nbsp;\u00bb, \u00ab&nbsp;Le Tilleul argent\u00e9&nbsp;\u00bb ou m\u00eame le \u201c&nbsp;Sycomore blanc<strong>&nbsp;\u201d. \u201c<\/strong>Le Haut-du-Li\u00e8vre\u201d comme un pis-aller, un palliatif, un dortoir bon march\u00e9 que l\u2019on occupe le temps de trouver une solution plus attrayante, plus pr\u00e8s des facs, plus <em>cosy.<\/em>\u00ab\u00a0<\/p>\n\n\n\n<p><strong>Philippe Meyer, <em>Dans mon pays lui-m\u00eame<\/em>\u2026  Flammarion, 1993, p. 117-119<\/strong>.<\/p>\n\n\n\n<p><sup>Iconographie : Dadu Jones<\/sup><br><br><strong><a rel=\"noreferrer noopener\" href=\"https:\/\/fr.wikipedia.org\/wiki\/Philippe_Meyer_(journaliste)\" target=\"_blank\">En savoir plus sur l&rsquo;auteur<\/a><\/strong><\/p>\n\n\n\n<iframe loading=\"lazy\" allowfullscreen=\"\" src=\"\/\/umap.openstreetmap.fr\/fr\/map\/sur-les-pas-des-ecrivains-en-lorraine_50581?scaleControl=false&amp;miniMap=false&amp;scrollWheelZoom=true&amp;zoomControl=null&amp;allowEdit=false&amp;moreControl=false&amp;searchControl=null&amp;tilelayersControl=null&amp;embedControl=null&amp;datalayersControl=null&amp;onLoadPanel=undefined&amp;captionBar=false&amp;fullscreenControl=true#16\/48.7021\/6.1514\" width=\"100%\" height=\"300px\" frameborder=\"0\"><\/iframe>\n\n\n\n<p><\/p>\n","protected":false},"excerpt":{"rendered":"<p>Lieu \u00e9voqu\u00e9 : Quartier du Haut-du-Li\u00e8vre, Nancy. \u00ab\u00a0La premi\u00e8re barre de douze \u00e9tages mesure huit cents m\u00e8tres de long. C\u2019est le record en l\u2019Europe. La deuxi\u00e8me ne s\u2019allonge que sur cinq cents m\u00e8tres. Perpendiculairement \u00e0 ces deux g\u00e9antes, une demi-douzaine de \u00ab&nbsp;petits&nbsp;\u00bb b\u00e2timents dont les fa\u00e7ades avoisinent quand m\u00eame une [&hellip;]<\/p>\n","protected":false},"author":1,"featured_media":1584,"comment_status":"closed","ping_status":"open","sticky":false,"template":"","format":"standard","meta":[],"categories":[63],"tags":[],"_links":{"self":[{"href":"https:\/\/lalorrainedesecrivains.fr\/index.php?rest_route=\/wp\/v2\/posts\/1582"}],"collection":[{"href":"https:\/\/lalorrainedesecrivains.fr\/index.php?rest_route=\/wp\/v2\/posts"}],"about":[{"href":"https:\/\/lalorrainedesecrivains.fr\/index.php?rest_route=\/wp\/v2\/types\/post"}],"author":[{"embeddable":true,"href":"https:\/\/lalorrainedesecrivains.fr\/index.php?rest_route=\/wp\/v2\/users\/1"}],"replies":[{"embeddable":true,"href":"https:\/\/lalorrainedesecrivains.fr\/index.php?rest_route=%2Fwp%2Fv2%2Fcomments&post=1582"}],"version-history":[{"count":17,"href":"https:\/\/lalorrainedesecrivains.fr\/index.php?rest_route=\/wp\/v2\/posts\/1582\/revisions"}],"predecessor-version":[{"id":5430,"href":"https:\/\/lalorrainedesecrivains.fr\/index.php?rest_route=\/wp\/v2\/posts\/1582\/revisions\/5430"}],"wp:featuredmedia":[{"embeddable":true,"href":"https:\/\/lalorrainedesecrivains.fr\/index.php?rest_route=\/wp\/v2\/media\/1584"}],"wp:attachment":[{"href":"https:\/\/lalorrainedesecrivains.fr\/index.php?rest_route=%2Fwp%2Fv2%2Fmedia&parent=1582"}],"wp:term":[{"taxonomy":"category","embeddable":true,"href":"https:\/\/lalorrainedesecrivains.fr\/index.php?rest_route=%2Fwp%2Fv2%2Fcategories&post=1582"},{"taxonomy":"post_tag","embeddable":true,"href":"https:\/\/lalorrainedesecrivains.fr\/index.php?rest_route=%2Fwp%2Fv2%2Ftags&post=1582"}],"curies":[{"name":"wp","href":"https:\/\/api.w.org\/{rel}","templated":true}]}}