{"id":1444,"date":"2020-11-18T16:51:40","date_gmt":"2020-11-18T16:51:40","guid":{"rendered":"http:\/\/lalorrainedesecrivains.fr\/?p=1444"},"modified":"2026-04-02T14:30:45","modified_gmt":"2026-04-02T14:30:45","slug":"la-resistance-terreur-rouge","status":"publish","type":"post","link":"https:\/\/lalorrainedesecrivains.fr\/?p=1444","title":{"rendered":"La R\u00e9sistance, terreur rouge"},"content":{"rendered":"\n<p><\/p>\n\n\n\n<figure class=\"wp-block-audio\"><audio controls src=\"https:\/\/lalorrainedesecrivains.fr\/wp-content\/uploads\/2020\/11\/la-blonde-et-son-h\u00c3\u00a9ros.mp3\"><\/audio><\/figure>\n\n\n\n<p><strong>Lieux \u00e9voqu\u00e9s : Charmes, Blainville<\/strong>.<\/p>\n\n\n\n<p>\u00ab\u00a0Il d\u00e9cida de reprendre contact avec le maquis. En ce mois de janvier 1944, les op\u00e9rations de la R\u00e9sistance ne cess\u00e8rent plus&nbsp;: sabotages \u00e0 l\u2019aide d\u2019explosifs de ponts, de voies de chemin de fer sur la zone de Blainville<strong>,<\/strong> d\u00e9raillements de trains qui entravaient le trafic.<\/p>\n\n\n\n<p>La gestapo \u00e9tait sur tous les fronts parce que le gouvernement de Vichy venait d\u2019instituer des cours martiales contre les R\u00e9sistants. Les maquisards prenaient de gros risques, en effet, s\u2019ils \u00e9taient pris c\u2019\u00e9tait la torture et la mort assur\u00e9es.<\/p>\n\n\n\n<p>La milice \u00e9tendit ses activit\u00e9s dans le secteur du nord.<\/p>\n\n\n\n<p>Malgr\u00e9 le froid vif, les jeunes du maquis s\u2019activaient pour emp\u00eacher l\u2019ennemi d\u2019agir. Auguste et ses camarades all\u00e8rent dans la r\u00e9gion de Charmes pour intensifier les actions et au cours du mois de mars, ils r\u00e9cup\u00e9r\u00e8rent des containers venus d\u2019Angleterre parachut\u00e9s depuis des petits avions. Ceux-ci contenaient des armes et du ravitaillement.<\/p>\n\n\n\n<p>Les allemands alert\u00e9s par le bruit des moteurs arriv\u00e8rent tr\u00e8s vite sur la zone mais ne trouv\u00e8rent rien&nbsp;: tout avait \u00e9t\u00e9 embarqu\u00e9.<\/p>\n\n\n\n<p>Certains villageois bienveillants \u00e0 leur \u00e9gard aidaient les maquisards comme ils pouvaient alors que d\u2019autres \u00e0 cause des consignes de P\u00e9tain et de Henriot n\u2019avaient aucune sympathie pour eux, bien au contraire, les consid\u00e9rant comme des r\u00e9volt\u00e9s, on parlait m\u00eame de \u00ab&nbsp;terreur rouge&nbsp;\u00bb au sujet de la R\u00e9sistance.\u00a0\u00bb<\/p>\n\n\n\n<p><br><strong>Alo\u00efse Pairsonne, <em>La Blonde et son h\u00e9ros,<\/em> Les \u00e9ditions Amalth\u00e9e, 2017, p. 115<\/strong>.<\/p>\n\n\n\n<p><strong><sub>Iconographie : <a href=\"https:\/\/fr.wikipedia.org\/wiki\/Charmes_(Vosges)#\/media\/Fichier:Vue_a%C3%A9rienne_de_la_ville_de_Charmes.png\" data-type=\"URL\" data-id=\"https:\/\/fr.wikipedia.org\/wiki\/Charmes_(Vosges)#\/media\/Fichier:Vue_a%C3%A9rienne_de_la_ville_de_Charmes.png\">Wikipedia<\/a><\/sub><\/strong><\/p>\n\n\n\n<iframe loading=\"lazy\" allowfullscreen=\"\" src=\"\/\/umap.openstreetmap.fr\/fr\/map\/sur-les-pas-des-ecrivains-en-lorraine_50581?scaleControl=false&amp;miniMap=false&amp;scrollWheelZoom=false&amp;zoomControl=null&amp;allowEdit=false&amp;moreControl=false&amp;searchControl=null&amp;tilelayersControl=null&amp;embedControl=null&amp;datalayersControl=null&amp;onLoadPanel=undefined&amp;captionBar=false&amp;fullscreenControl=true#14\/48.5613\/6.4019\" width=\"100%\" height=\"300px\" frameborder=\"0\"><\/iframe>\n","protected":false},"excerpt":{"rendered":"<p>Lieux \u00e9voqu\u00e9s : Charmes, Blainville. \u00ab\u00a0Il d\u00e9cida de reprendre contact avec le maquis. En ce mois de janvier 1944, les op\u00e9rations de la R\u00e9sistance ne cess\u00e8rent plus&nbsp;: sabotages \u00e0 l\u2019aide d\u2019explosifs de ponts, de voies de chemin de fer sur la zone de Blainville, d\u00e9raillements de trains qui entravaient le [&hellip;]<\/p>\n","protected":false},"author":1,"featured_media":5439,"comment_status":"closed","ping_status":"open","sticky":false,"template":"","format":"standard","meta":[],"categories":[67],"tags":[],"_links":{"self":[{"href":"https:\/\/lalorrainedesecrivains.fr\/index.php?rest_route=\/wp\/v2\/posts\/1444"}],"collection":[{"href":"https:\/\/lalorrainedesecrivains.fr\/index.php?rest_route=\/wp\/v2\/posts"}],"about":[{"href":"https:\/\/lalorrainedesecrivains.fr\/index.php?rest_route=\/wp\/v2\/types\/post"}],"author":[{"embeddable":true,"href":"https:\/\/lalorrainedesecrivains.fr\/index.php?rest_route=\/wp\/v2\/users\/1"}],"replies":[{"embeddable":true,"href":"https:\/\/lalorrainedesecrivains.fr\/index.php?rest_route=%2Fwp%2Fv2%2Fcomments&post=1444"}],"version-history":[{"count":6,"href":"https:\/\/lalorrainedesecrivains.fr\/index.php?rest_route=\/wp\/v2\/posts\/1444\/revisions"}],"predecessor-version":[{"id":5441,"href":"https:\/\/lalorrainedesecrivains.fr\/index.php?rest_route=\/wp\/v2\/posts\/1444\/revisions\/5441"}],"wp:featuredmedia":[{"embeddable":true,"href":"https:\/\/lalorrainedesecrivains.fr\/index.php?rest_route=\/wp\/v2\/media\/5439"}],"wp:attachment":[{"href":"https:\/\/lalorrainedesecrivains.fr\/index.php?rest_route=%2Fwp%2Fv2%2Fmedia&parent=1444"}],"wp:term":[{"taxonomy":"category","embeddable":true,"href":"https:\/\/lalorrainedesecrivains.fr\/index.php?rest_route=%2Fwp%2Fv2%2Fcategories&post=1444"},{"taxonomy":"post_tag","embeddable":true,"href":"https:\/\/lalorrainedesecrivains.fr\/index.php?rest_route=%2Fwp%2Fv2%2Ftags&post=1444"}],"curies":[{"name":"wp","href":"https:\/\/api.w.org\/{rel}","templated":true}]}}