{"id":1422,"date":"2020-11-06T10:53:10","date_gmt":"2020-11-06T10:53:10","guid":{"rendered":"http:\/\/lalorrainedesecrivains.fr\/?p=1422"},"modified":"2026-04-02T14:50:14","modified_gmt":"2026-04-02T14:50:14","slug":"les-acieries-de-pompey","status":"publish","type":"post","link":"https:\/\/lalorrainedesecrivains.fr\/?p=1422","title":{"rendered":"Les aci\u00e9ries de Pompey"},"content":{"rendered":"\n<figure class=\"wp-block-audio\"><audio controls src=\"http:\/\/lalorrainedesecrivains.fr\/wp-content\/uploads\/2020\/11\/bliqueclaude.mp3\"><\/audio><\/figure>\n\n\n\n<p><\/p>\n\n\n\n<p><strong>Lieux \u00e9voqu\u00e9s : Pompey, Frouard, Champigneulles, Max\u00e9ville, Saizerais.<\/strong><\/p>\n\n\n\n<p>\u00ab\u00a0Mes interventions aux <em>Aci\u00e9ries de Pompey<\/em> sont tr\u00e8s anciennes. Il me semble \u00eatre all\u00e9 dans cette usine, d\u00e8s mon arriv\u00e9e, \u00e0 Nancy, en 1947. Il est vrai que, parmi mes&nbsp;\u2018\u2018supporters\u2019\u2019 de l\u2019\u00e9poque, j\u2019ai eu tr\u00e8s t\u00f4t des contacts avec l\u2019\u00e9quipe des \u2018\u2018gens de Pompey\u2019\u2019, au sujet des probl\u00e8mes d\u2019orientation professionnelle des apprentis.<\/p>\n\n\n\n<p>Pompey est une commune situ\u00e9e au nord de Nancy, juste \u00e0 l\u2019endroit o\u00f9 la Meurthe, venue des Vosges, lente et paresseuse, se jette dans la majestueuse Moselle ayant droit, elle, au titre de grand fleuve navigable car elle va se jeter dans la mer du Nord. Il faut beaucoup d\u2019eau \u00e0 une aci\u00e9rie pour refroidir correctement ses hauts-fourneaux, ses laminoirs et ses trains \u00e0 fil. C\u2019est sans doute la raison pour laquelle l\u2019usine s\u2019est construite pr\u00e8s de ce vaste confluent et non loin des mines de minerai de fer de Saizerais.<\/p>\n\n\n\n<p>En 1872, l\u2019usine appartenait \u00e0 la famille Fould, revendiquant la gloire d\u2019avoir fourni, en 1880, les poutrelles de pur acier <em>Cor-tem,<\/em> n\u00e9cessaires \u00e0 la construction de la tour Eiffel \u00e0 Paris, dress\u00e9e pour l\u2019exposition de 1889.<\/p>\n\n\n\n<p>D\u00e8s mon arriv\u00e9e \u00e0 Nancy, j\u2019avais \u00e9t\u00e9 convoqu\u00e9 par Messieurs Pierson et L\u2019heureux, directeurs \u00e0 l\u2019\u00e9poque. Il m\u2019avait fallu \u00e0 peine un quart d\u2019heure pour m\u2019y rendre, en traversant Max\u00e9ville et Champigneulles, cit\u00e9s c\u00e9l\u00e8bres pour leurs bi\u00e8res et atteindre Frouard et Pompey. Au pied des hautes collines formant la majestueuse vall\u00e9e de la Moselle, s\u2019\u00e9tendait l\u2019usine ou travaillaient deux mille cinq cents personnes. On avait besoin de mon aide pour effectuer la s\u00e9lection minutieuse d\u2019une centaine de jeunes, capables de se former dans tous les m\u00e9tiers de la sid\u00e9rurgie. Je d\u00e9couvris la performante \u00e9quipe sociale dirig\u00e9e par Jean Dehant, rentrant de d\u00e9portation. Un homme dynamique \u00e0 l\u2019intelligence vive et au c\u0153ur gros \u2018\u2018comme une maison\u2019\u2019 disait-on. Il \u00e9tait responsable du service social d\u2019avant-garde de cette usine mod\u00e8le et de son centre de formation. C\u2019est au titre de directeur des services d\u2019orientation professionnelle du d\u00e9partement que je mis tous les moyens possibles \u00e0 la disposition des responsables de la formation de cette entreprise.\u00a0\u00bb<\/p>\n\n\n\n<p><strong>Claude Blique, <em>Une si longue vie, autobiographie<\/em>, G\u00e9rard Louis \u00e9diteur, 2019, pp. 342-343<\/strong>.<\/p>\n\n\n\n<p class=\"has-small-font-size\"><strong>Cr\u00e9dit photo : Dadu Jones<\/strong><\/p>\n\n\n\n<p><\/p>\n\n\n\n<iframe loading=\"lazy\" allowfullscreen=\"\" src=\"\/\/umap.openstreetmap.fr\/fr\/map\/sur-les-pas-des-ecrivains-en-lorraine_50581?scaleControl=false&amp;miniMap=false&amp;scrollWheelZoom=false&amp;zoomControl=null&amp;allowEdit=false&amp;moreControl=false&amp;searchControl=null&amp;tilelayersControl=null&amp;embedControl=null&amp;datalayersControl=null&amp;onLoadPanel=undefined&amp;captionBar=false&amp;fullscreenControl=true#14\/48.7845\/6.1407\" width=\"100%\" height=\"300px\" frameborder=\"0\"><\/iframe>\n","protected":false},"excerpt":{"rendered":"<p>Lieux \u00e9voqu\u00e9s : Pompey, Frouard, Champigneulles, Max\u00e9ville, Saizerais. \u00ab\u00a0Mes interventions aux Aci\u00e9ries de Pompey sont tr\u00e8s anciennes. Il me semble \u00eatre all\u00e9 dans cette usine, d\u00e8s mon arriv\u00e9e, \u00e0 Nancy, en 1947. Il est vrai que, parmi mes&nbsp;\u2018\u2018supporters\u2019\u2019 de l\u2019\u00e9poque, j\u2019ai eu tr\u00e8s t\u00f4t des contacts avec l\u2019\u00e9quipe des \u2018\u2018gens [&hellip;]<\/p>\n","protected":false},"author":1,"featured_media":1437,"comment_status":"closed","ping_status":"open","sticky":false,"template":"","format":"standard","meta":[],"categories":[56],"tags":[],"_links":{"self":[{"href":"https:\/\/lalorrainedesecrivains.fr\/index.php?rest_route=\/wp\/v2\/posts\/1422"}],"collection":[{"href":"https:\/\/lalorrainedesecrivains.fr\/index.php?rest_route=\/wp\/v2\/posts"}],"about":[{"href":"https:\/\/lalorrainedesecrivains.fr\/index.php?rest_route=\/wp\/v2\/types\/post"}],"author":[{"embeddable":true,"href":"https:\/\/lalorrainedesecrivains.fr\/index.php?rest_route=\/wp\/v2\/users\/1"}],"replies":[{"embeddable":true,"href":"https:\/\/lalorrainedesecrivains.fr\/index.php?rest_route=%2Fwp%2Fv2%2Fcomments&post=1422"}],"version-history":[{"count":14,"href":"https:\/\/lalorrainedesecrivains.fr\/index.php?rest_route=\/wp\/v2\/posts\/1422\/revisions"}],"predecessor-version":[{"id":5452,"href":"https:\/\/lalorrainedesecrivains.fr\/index.php?rest_route=\/wp\/v2\/posts\/1422\/revisions\/5452"}],"wp:featuredmedia":[{"embeddable":true,"href":"https:\/\/lalorrainedesecrivains.fr\/index.php?rest_route=\/wp\/v2\/media\/1437"}],"wp:attachment":[{"href":"https:\/\/lalorrainedesecrivains.fr\/index.php?rest_route=%2Fwp%2Fv2%2Fmedia&parent=1422"}],"wp:term":[{"taxonomy":"category","embeddable":true,"href":"https:\/\/lalorrainedesecrivains.fr\/index.php?rest_route=%2Fwp%2Fv2%2Fcategories&post=1422"},{"taxonomy":"post_tag","embeddable":true,"href":"https:\/\/lalorrainedesecrivains.fr\/index.php?rest_route=%2Fwp%2Fv2%2Ftags&post=1422"}],"curies":[{"name":"wp","href":"https:\/\/api.w.org\/{rel}","templated":true}]}}