{"id":1412,"date":"2020-11-06T10:28:35","date_gmt":"2020-11-06T10:28:35","guid":{"rendered":"http:\/\/lalorrainedesecrivains.fr\/?p=1412"},"modified":"2026-04-02T14:58:02","modified_gmt":"2026-04-02T14:58:02","slug":"les-fours-a-chaux-de-vaucouleurs","status":"publish","type":"post","link":"https:\/\/lalorrainedesecrivains.fr\/?p=1412","title":{"rendered":"Les fours \u00e0 chaux de Vaucouleurs"},"content":{"rendered":"\n<figure class=\"wp-block-audio\"><audio controls src=\"http:\/\/lalorrainedesecrivains.fr\/wp-content\/uploads\/2020\/11\/quemard-.mp3\"><\/audio><\/figure>\n\n\n\n<p><\/p>\n\n\n\n<p><strong>Lieux \u00e9voqu\u00e9s : Vaucouleurs, Chalaines.<\/strong><\/p>\n\n\n\n<p>Les parents<\/p>\n\n\n\n<p>\u00ab\u00a0Nous ne roulions pas sur l\u2019or. En effet, mon p\u00e8re travaillait aux fours \u00e0 chaux de Vaucouleurs comme man\u0153uvre. Son travail consistait \u00e0 pousser les wagonnets remplis de pierres calcaires extraites de la carri\u00e8re pour les vider dans un four. Bref, il exer\u00e7ait le dur labeur de carrier. C\u2019\u00e9tait un travail p\u00e9nible qui demandait de la force. De ce point de vue, il n\u2019en manquait pas, ses \u00e9paules et ses bras \u00e9taient bien charpent\u00e9s. Je dois tenir de lui quant \u00e0 mon aspect physique. Selon les semaines, il embauchait assez t\u00f4t. Son poste \u00e9tait permanent, jour et nuit. Les ouvriers appelaient cela, faire les trois fois huit heures, et ce, par tous les temps. Lorsqu\u2019il \u00e9tait du matin, \u00e0 3h30, il partait d\u00e9j\u00e0 au travail pour prendre son poste \u00e0 4h et en revenir vers 12h30. Une autre semaine, il partait \u00e0 11h30 pour prendre son poste \u00e0 12h et en revenir vers 20h30. La semaine suivante, c\u2019\u00e9tait le poste de nuit. Il enfourchait son vieux v\u00e9lo de marque Peugeot avec sa musette sur le dos et il cheminait parfois difficilement sur la \u00ab&nbsp;grand\u2019route&nbsp;\u00bb quelques soient les conditions, qu\u2019il pleuve ou qu\u2019il neige. Ce m\u00e9tier \u00e9prouvant demandait du r\u00e9confort&nbsp;: un morceau de pain parfois rassis, un saucisson ou plusieurs tranches de jambon, et du fromage, sans oublier la chopine de vin rouge. Le pinard, comme il disait, celui qui enl\u00e8ve la poussi\u00e8re dans la gorge. Cela suffisait pour pouvoir r\u00e9sister \u00e0 la fatigue et redonner ainsi de l\u2019allant, de la vigueur. Les barres de c\u00e9r\u00e9ales d\u2019aujourd\u2019hui n\u2019auraient sans doute pas suffi \u00e0 calmer l\u2019estomac de ce travailleur de force. Il s\u2019habillait d\u2019un bleu de travail, d\u2019une casquette, de bottes ou de brodequins \u00e0 clous. l\u2019hiver, il rev\u00eatait une canadienne fourr\u00e9e&nbsp;; en guise de chaussettes, il enroulait des chiffons autour de ses pieds, puis les glissait ainsi prot\u00e9g\u00e9s du froid dans les chausses. Il avait d\u00e9couvert ce genre de d\u00e9brouille lorsqu\u2019il \u00e9tait prisonnier en 1940 en Allemagne. Il appelait \u00e7a les \u00ab&nbsp;chaussettes&nbsp;\u00bb russes. Distante de quelques kilom\u00e8tres, cette usine embauchait bien d\u2019autres personnes de Chalaines. Ses camarades Maurice Forter et Louis Cochener n\u2019ont pas connu la retraite. Us\u00e9s par ce dur travail, ils se sont \u00e9teints assez t\u00f4t, \u00e0 un \u00e2ge o\u00f9 l\u2019on pouvait encore pr\u00e9tendre durer et profiter pleinement de la vie et des loisirs.\u00a0\u00bb<\/p>\n\n\n\n<p><strong>Jean-Luc Qu\u00e9mard, <em>Une jeunesse au temps des mirabelles<\/em>, 1952-1968, pp. 85-86<\/strong>.<\/p>\n\n\n\n<p><sup><strong>Iconographie : <a href=\"https:\/\/fr.wikipedia.org\/wiki\/Vaucouleurs_(Meuse)#\/media\/Fichier:Vaucouleurs22.jpg\" data-type=\"URL\" data-id=\"https:\/\/fr.wikipedia.org\/wiki\/Vaucouleurs_(Meuse)#\/media\/Fichier:Vaucouleurs22.jpg\">Wikipedia<\/a><\/strong><\/sup><\/p>\n\n\n\n<iframe loading=\"lazy\" allowfullscreen=\"\" src=\"\/\/umap.openstreetmap.fr\/fr\/map\/sur-les-pas-des-ecrivains-en-lorraine_50581?scaleControl=false&amp;miniMap=false&amp;scrollWheelZoom=false&amp;zoomControl=null&amp;allowEdit=false&amp;moreControl=false&amp;searchControl=null&amp;tilelayersControl=null&amp;embedControl=null&amp;datalayersControl=null&amp;onLoadPanel=undefined&amp;captionBar=false&amp;fullscreenControl=true#15\/48.6013\/5.6650\" width=\"100%\" height=\"300px\" frameborder=\"0\"><\/iframe>\n","protected":false},"excerpt":{"rendered":"<p>Lieux \u00e9voqu\u00e9s : Vaucouleurs, Chalaines. Les parents \u00ab\u00a0Nous ne roulions pas sur l\u2019or. En effet, mon p\u00e8re travaillait aux fours \u00e0 chaux de Vaucouleurs comme man\u0153uvre. Son travail consistait \u00e0 pousser les wagonnets remplis de pierres calcaires extraites de la carri\u00e8re pour les vider dans un four. Bref, il exer\u00e7ait [&hellip;]<\/p>\n","protected":false},"author":1,"featured_media":1415,"comment_status":"closed","ping_status":"open","sticky":false,"template":"","format":"standard","meta":[],"categories":[70],"tags":[],"_links":{"self":[{"href":"https:\/\/lalorrainedesecrivains.fr\/index.php?rest_route=\/wp\/v2\/posts\/1412"}],"collection":[{"href":"https:\/\/lalorrainedesecrivains.fr\/index.php?rest_route=\/wp\/v2\/posts"}],"about":[{"href":"https:\/\/lalorrainedesecrivains.fr\/index.php?rest_route=\/wp\/v2\/types\/post"}],"author":[{"embeddable":true,"href":"https:\/\/lalorrainedesecrivains.fr\/index.php?rest_route=\/wp\/v2\/users\/1"}],"replies":[{"embeddable":true,"href":"https:\/\/lalorrainedesecrivains.fr\/index.php?rest_route=%2Fwp%2Fv2%2Fcomments&post=1412"}],"version-history":[{"count":6,"href":"https:\/\/lalorrainedesecrivains.fr\/index.php?rest_route=\/wp\/v2\/posts\/1412\/revisions"}],"predecessor-version":[{"id":5453,"href":"https:\/\/lalorrainedesecrivains.fr\/index.php?rest_route=\/wp\/v2\/posts\/1412\/revisions\/5453"}],"wp:featuredmedia":[{"embeddable":true,"href":"https:\/\/lalorrainedesecrivains.fr\/index.php?rest_route=\/wp\/v2\/media\/1415"}],"wp:attachment":[{"href":"https:\/\/lalorrainedesecrivains.fr\/index.php?rest_route=%2Fwp%2Fv2%2Fmedia&parent=1412"}],"wp:term":[{"taxonomy":"category","embeddable":true,"href":"https:\/\/lalorrainedesecrivains.fr\/index.php?rest_route=%2Fwp%2Fv2%2Fcategories&post=1412"},{"taxonomy":"post_tag","embeddable":true,"href":"https:\/\/lalorrainedesecrivains.fr\/index.php?rest_route=%2Fwp%2Fv2%2Ftags&post=1412"}],"curies":[{"name":"wp","href":"https:\/\/api.w.org\/{rel}","templated":true}]}}