{"id":1225,"date":"2020-06-08T15:28:40","date_gmt":"2020-06-08T15:28:40","guid":{"rendered":"http:\/\/lalorrainedesecrivains.fr\/?p=1225"},"modified":"2026-04-02T15:18:39","modified_gmt":"2026-04-02T15:18:39","slug":"o-metz-mon-berceau-fatidique","status":"publish","type":"post","link":"https:\/\/lalorrainedesecrivains.fr\/?p=1225","title":{"rendered":"\u00ab\u00a0\u00d4 Metz, mon berceau fatidique&#8230;\u00a0\u00bb"},"content":{"rendered":"\n<figure class=\"wp-block-audio\"><audio controls src=\"http:\/\/lalorrainedesecrivains.fr\/audio\/89.mp3\"><\/audio><\/figure>\n\n\n\n<p><\/p>\n\n\n\n<p><strong>Lieu \u00e9voqu\u00e9 : Metz<\/strong>.<\/p>\n\n\n\n<p>Ode \u00e0 Metz<\/p>\n\n\n\n<p>\u00ab\u00a0\u00d4 Metz, mon berceau fatidique,<br>Metz, viol\u00e9e et plus pudique<br>Et plus pucelle que jamais !<br>\u00d4 ville o\u00f9 riait mon enfance,<br>\u00d4 citadelle sans d\u00e9fense<br>Qu\u2019un chef que la honte devance,<br>\u00d4 m\u00e8re auguste que j\u2019aimais.<br><br>Du moins quelles nobles batailles,<br>Quel sang pur pour les fun\u00e9railles<br>Non de ton honneur, Dieu merci !<br>Mais de ta vieille ind\u00e9pendance,<br>Que de g\u00e9n\u00e9reuse imprudence,<br>A ta chute quel deuil intense,<br>\u00d4 Metz, dans ce pays transi !<br><br>Or donc, il serait des po\u00e8tes<br>M\u00e9connaissant ces sombres f\u00eates<br>Au point d\u2019en rire et d\u2019en railler !<br>Il serait des amis sinc\u00e8res<br>Du peuple accabl\u00e9 de mis\u00e8res<br>Qui devant ces ruines fi\u00e8res<br>Lui conseilleraient d\u2019oublier !<br><br>Metz aux campagnes magnifiques,<br>Rivi\u00e8re aux ondes prolifiques,<br>Coteaux bois\u00e9s, vignes de feu,<br>Cath\u00e9drale tout en volute,<br>O\u00f9 le vent chante sur le fl\u00fbte,<br>Et qui lui r\u00e9pond par la Mute,<br>Cette grosse voix du bon Dieu !<br><br>Metz, depuis l\u2019instant ex\u00e9crable<br>O\u00f9 ce Borusse mis\u00e9rable<br>Sur toi planta son drapeau noir<br>Et blanc et que sinistre ! telle<br>Une \u00e9pouvantable hirondelle,<br>Du moins, ah ! tu restes fid\u00e8le<br>A notre amour, \u00e0 notre espoir !<br><br>Patiente encor, bonne ville :<br>On pense \u00e0 toi. Reste tranquille.<br>On pense \u00e0 toi, rien ne se perd<br>Ici des hauts pensers de gloire<br>Et des revanches de l\u2019histoire<br>Et des sautes de la victoire.<br>M\u00e9dite \u00e0 l\u2019ombre de Fabert.<br><br>Patiente, ma belle ville :<br>Nous serons mille contre mille,<br>Non plus un contre cent, bient\u00f4t !<br>A l\u2019ombre, o\u00f9 maint \u00e9clair se croise,<br>De Ney, d\u00e8s lors \u00e2pre et narquoise,<br>For\u00e7ant la porte Serpenoise,<br>Nous ne dirons plus : ils sont trop !<br><br>Nous chasserons l\u2019atroce engeance<br>Et ce sera notre vengeance<br>De voir jusqu\u2019aux petits enfants<br>Dont ils voulaient \u2013 b\u00eatise inf\u00e2me ! \u2013<br>Nous prendre la chair avec l\u2019\u00e2me,<br>Sourire alors que l\u2019on acclame<br>Nos drapeaux encore triomphants !<br><br>\u00d4 temps prochains, \u00f4 jours que compte<br>\u00c9perdument dans cette honte<br>O\u00f9 se r\u00e9voltent nos fiert\u00e9s,<br>Heures que suppute le culte<br>Qu\u2019on te voue, \u00f4 ma Metz qu\u2019insulte<br>Ce lourd soldat, p\u00e9dant, inculte,<br>Temps, jours, heures, sonnez, tintez !<br><br>Mute, joins \u00e0 la g\u00e9n\u00e9rale<br>Ton tocsin, rumeur s\u00e9pulcrale,<br>Proph\u00e9tise \u00e0 ces lourds bandits<br>Leur d\u00e9route absolue, enti\u00e8re<br>Bien au del\u00e0 de la fronti\u00e8re,<br>Que suivra la vol\u00e9e alti\u00e8re<br>Des \u2018Te Deum\u2019 enfin redits !&nbsp;\u00ab\u00a0<\/p>\n\n\n\n<p><strong>Paul Verlaine, <em>Po\u00e8me \u00e9crit \u00e0 Paris le 17 septembre 1892<\/em>, dans <em>Invectives<\/em>.<\/strong><\/p>\n\n\n\n<p><strong><sup>Iconographie : <a href=\"https:\/\/fr.wikipedia.org\/wiki\/Metz#\/media\/Fichier:Metz_centre_ville.jpg\" data-type=\"URL\" data-id=\"https:\/\/fr.wikipedia.org\/wiki\/Metz#\/media\/Fichier:Metz_centre_ville.jpg\">Wikipedia<\/a><\/sup><\/strong><br><br><strong><a rel=\"noreferrer noopener\" href=\"https:\/\/fr.wikipedia.org\/wiki\/Paul_Verlaine\" target=\"_blank\">En savoir plus sur l&rsquo;auteur<\/a><\/strong><\/p>\n\n\n\n<iframe loading=\"lazy\" allowfullscreen=\"\" src=\"\/\/umap.openstreetmap.fr\/fr\/map\/la-lorraine-des-ecrivains_50581?scaleControl=false&amp;miniMap=false&amp;scrollWheelZoom=true&amp;zoomControl=null&amp;allowEdit=false&amp;moreControl=false&amp;searchControl=null&amp;tilelayersControl=null&amp;embedControl=null&amp;datalayersControl=null&amp;onLoadPanel=undefined&amp;captionBar=false&amp;fullscreenControl=true#18\/49.11800\/6.17870\" width=\"100%\" height=\"300px\" frameborder=\"0\"><\/iframe>\n","protected":false},"excerpt":{"rendered":"<p>Lieu \u00e9voqu\u00e9 : Metz. Ode \u00e0 Metz \u00ab\u00a0\u00d4 Metz, mon berceau fatidique,Metz, viol\u00e9e et plus pudiqueEt plus pucelle que jamais !\u00d4 ville o\u00f9 riait mon enfance,\u00d4 citadelle sans d\u00e9fenseQu\u2019un chef que la honte devance,\u00d4 m\u00e8re auguste que j\u2019aimais. Du moins quelles nobles batailles,Quel sang pur pour les fun\u00e9raillesNon de ton [&hellip;]<\/p>\n","protected":false},"author":1,"featured_media":1217,"comment_status":"closed","ping_status":"open","sticky":false,"template":"","format":"standard","meta":[],"categories":[59],"tags":[],"_links":{"self":[{"href":"https:\/\/lalorrainedesecrivains.fr\/index.php?rest_route=\/wp\/v2\/posts\/1225"}],"collection":[{"href":"https:\/\/lalorrainedesecrivains.fr\/index.php?rest_route=\/wp\/v2\/posts"}],"about":[{"href":"https:\/\/lalorrainedesecrivains.fr\/index.php?rest_route=\/wp\/v2\/types\/post"}],"author":[{"embeddable":true,"href":"https:\/\/lalorrainedesecrivains.fr\/index.php?rest_route=\/wp\/v2\/users\/1"}],"replies":[{"embeddable":true,"href":"https:\/\/lalorrainedesecrivains.fr\/index.php?rest_route=%2Fwp%2Fv2%2Fcomments&post=1225"}],"version-history":[{"count":6,"href":"https:\/\/lalorrainedesecrivains.fr\/index.php?rest_route=\/wp\/v2\/posts\/1225\/revisions"}],"predecessor-version":[{"id":5477,"href":"https:\/\/lalorrainedesecrivains.fr\/index.php?rest_route=\/wp\/v2\/posts\/1225\/revisions\/5477"}],"wp:featuredmedia":[{"embeddable":true,"href":"https:\/\/lalorrainedesecrivains.fr\/index.php?rest_route=\/wp\/v2\/media\/1217"}],"wp:attachment":[{"href":"https:\/\/lalorrainedesecrivains.fr\/index.php?rest_route=%2Fwp%2Fv2%2Fmedia&parent=1225"}],"wp:term":[{"taxonomy":"category","embeddable":true,"href":"https:\/\/lalorrainedesecrivains.fr\/index.php?rest_route=%2Fwp%2Fv2%2Fcategories&post=1225"},{"taxonomy":"post_tag","embeddable":true,"href":"https:\/\/lalorrainedesecrivains.fr\/index.php?rest_route=%2Fwp%2Fv2%2Ftags&post=1225"}],"curies":[{"name":"wp","href":"https:\/\/api.w.org\/{rel}","templated":true}]}}