{"id":1052,"date":"2020-05-06T12:28:52","date_gmt":"2020-05-06T12:28:52","guid":{"rendered":"http:\/\/lalorrainedesecrivains.fr\/?p=1052"},"modified":"2024-06-19T12:04:21","modified_gmt":"2024-06-19T12:04:21","slug":"me-recueillir-devant-le-majestueux-tableau-demile-friant-la-toussaint","status":"publish","type":"post","link":"https:\/\/lalorrainedesecrivains.fr\/?p=1052","title":{"rendered":"\u00ab\u00a0Me recueillir devant le majestueux tableau d\u2019Emile Friant, La Toussaint\u00a0\u00bb"},"content":{"rendered":"\n<figure class=\"wp-block-audio\"><audio controls src=\"http:\/\/lalorrainedesecrivains.fr\/audio\/75.mp3\"><\/audio><\/figure>\n\n\n\n<p><\/p>\n\n\n\n<p><strong>Lieu \u00e9voqu\u00e9 : Mus\u00e9e des beaux-arts, Nancy<\/strong>.<\/p>\n\n\n\n<p>\u00ab\u00a0J\u2019ai quitt\u00e9 cette ville il y a un quart de si\u00e8cle sans lui dire au revoir. Je lui dois des excuses que je ne sais pas \u00e0 qui adresser. \u00c0 titre de p\u00e8lerinage, je suis all\u00e9 me recueillir devant le majestueux tableau d\u2019Emile Friant, <em>La Toussaint<\/em>. La premi\u00e8re de ces femmes en noir, sur le chemin du cimeti\u00e8re, avec son bouquet de chrysanth\u00e8mes et sa coiffe sombre, c\u2019est tout \u00e0 fait ma grand-m\u00e8re qui d\u00e9ploya une belle \u00e9nergie pour faire de sa fille mieux qu\u2019une paysanne, une institutrice\u00a0; cette a\u00efeule esp\u00e9rait que je gravirais une marche de plus sur l\u2019\u00e9chelle sociale. Ses anc\u00eatres \u00e0 elle n\u2019allaient pas plus haut que le grenier o\u00f9 s\u2019entassaient les r\u00e9coltes.<br>Une peinture r\u00e9aliste que nous avons regard\u00e9e ensemble, il y a bien longtemps, en feuilletant un almanach pos\u00e9 sur la toile cir\u00e9e de la cuisine. C\u2019est \u00e0 cette ambitieuse lorraine, qui aurait tant voulu faire des \u00e9tudes, que je dois de m\u2019\u00eatre int\u00e9ress\u00e9 de bonne heure \u00e0 des sciences inexactes.\u00a0\u00bb<\/p>\n\n\n\n<p><strong>Alixe Sylvestre, <em>La presqu\u2019\u00eele aux Oisange<\/em>s, ETT \/ d\u00e9pendances, 2018, p. 14.<\/strong><\/p>\n\n\n\n<iframe loading=\"lazy\" allowfullscreen=\"\" src=\"\/\/umap.openstreetmap.fr\/fr\/map\/la-lorraine-des-ecrivains_50581?scaleControl=false&amp;miniMap=false&amp;scrollWheelZoom=false&amp;zoomControl=null&amp;allowEdit=false&amp;moreControl=false&amp;searchControl=null&amp;tilelayersControl=null&amp;embedControl=null&amp;datalayersControl=null&amp;onLoadPanel=undefined&amp;captionBar=false&amp;fullscreenControl=true#20\/48.69355\/6.18235\" width=\"100%\" height=\"300px\" frameborder=\"0\"><\/iframe>\n","protected":false},"excerpt":{"rendered":"<p>Lieu \u00e9voqu\u00e9 : Mus\u00e9e des beaux-arts, Nancy. \u00ab\u00a0J\u2019ai quitt\u00e9 cette ville il y a un quart de si\u00e8cle sans lui dire au revoir. Je lui dois des excuses que je ne sais pas \u00e0 qui adresser. \u00c0 titre de p\u00e8lerinage, je suis all\u00e9 me recueillir devant le majestueux tableau d\u2019Emile [&hellip;]<\/p>\n","protected":false},"author":1,"featured_media":1053,"comment_status":"closed","ping_status":"open","sticky":false,"template":"","format":"standard","meta":[],"categories":[83],"tags":[],"_links":{"self":[{"href":"https:\/\/lalorrainedesecrivains.fr\/index.php?rest_route=\/wp\/v2\/posts\/1052"}],"collection":[{"href":"https:\/\/lalorrainedesecrivains.fr\/index.php?rest_route=\/wp\/v2\/posts"}],"about":[{"href":"https:\/\/lalorrainedesecrivains.fr\/index.php?rest_route=\/wp\/v2\/types\/post"}],"author":[{"embeddable":true,"href":"https:\/\/lalorrainedesecrivains.fr\/index.php?rest_route=\/wp\/v2\/users\/1"}],"replies":[{"embeddable":true,"href":"https:\/\/lalorrainedesecrivains.fr\/index.php?rest_route=%2Fwp%2Fv2%2Fcomments&post=1052"}],"version-history":[{"count":8,"href":"https:\/\/lalorrainedesecrivains.fr\/index.php?rest_route=\/wp\/v2\/posts\/1052\/revisions"}],"predecessor-version":[{"id":4713,"href":"https:\/\/lalorrainedesecrivains.fr\/index.php?rest_route=\/wp\/v2\/posts\/1052\/revisions\/4713"}],"wp:featuredmedia":[{"embeddable":true,"href":"https:\/\/lalorrainedesecrivains.fr\/index.php?rest_route=\/wp\/v2\/media\/1053"}],"wp:attachment":[{"href":"https:\/\/lalorrainedesecrivains.fr\/index.php?rest_route=%2Fwp%2Fv2%2Fmedia&parent=1052"}],"wp:term":[{"taxonomy":"category","embeddable":true,"href":"https:\/\/lalorrainedesecrivains.fr\/index.php?rest_route=%2Fwp%2Fv2%2Fcategories&post=1052"},{"taxonomy":"post_tag","embeddable":true,"href":"https:\/\/lalorrainedesecrivains.fr\/index.php?rest_route=%2Fwp%2Fv2%2Ftags&post=1052"}],"curies":[{"name":"wp","href":"https:\/\/api.w.org\/{rel}","templated":true}]}}