{"id":1028,"date":"2020-05-06T12:09:50","date_gmt":"2020-05-06T12:09:50","guid":{"rendered":"http:\/\/lalorrainedesecrivains.fr\/?p=1028"},"modified":"2026-04-03T09:42:24","modified_gmt":"2026-04-03T09:42:24","slug":"les-boiseries-monumentales-sculptees-avec-leurs-rangees-de-livres","status":"publish","type":"post","link":"https:\/\/lalorrainedesecrivains.fr\/?p=1028","title":{"rendered":"\u00ab\u00a0Les boiseries monumentales sculpt\u00e9es\u00a0\u00bb"},"content":{"rendered":"\n<figure class=\"wp-block-audio\"><audio controls src=\"http:\/\/lalorrainedesecrivains.fr\/audio\/72.mp3\"><\/audio><\/figure>\n\n\n\n<p><\/p>\n\n\n\n<p><strong>Lieu \u00e9voqu\u00e9 : Biblioth\u00e8que Stanislas<\/strong><\/p>\n\n\n\n<p><\/p>\n\n\n\n<p>\u00ab\u00a0La biblioth\u00e8que municipale\u2026 Elle sera \u00e0 pr\u00e9sent un lieu important dans notre histoire. Dans la grande salle de lecture j\u2019ai tout de suite aim\u00e9 les boiseries monumentales sculpt\u00e9es avec leurs rang\u00e9es de livres, la passerelle qui en faisait le tour \u00e0 mi-hauteur, les longues tables communes, les lampes \u00e0 abat-jour qui apportaient une certaine intimit\u00e9 lorsqu\u2019elles \u00e9taient allum\u00e9es en fin d\u2019apr\u00e8s-midi, le silence feutr\u00e9 quasi-religieux, parfois interrompu par quelque \u00e9tudiant fac\u00e9tieux vite rappel\u00e9 \u00e0 l\u2019ordre par le cerb\u00e8re de service, la complicit\u00e9 de tous ces inconnus r\u00e9unis dans un m\u00eame travail de r\u00e9flexion. J\u2019en connus vite les habitu\u00e9s. Outre les \u00e9tudiants et les universitaires, beaucoup de gens d\u2019un certain \u00e2ge venaient y passer leur temps, lire des revues mises \u00e0 disposition, compulser de vieux bouquins.\u00a0\u00bb<\/p>\n\n\n\n<p><strong>Jean-Luc Emmanuel Chassard, <em>Loin dans le temps<\/em>, Editions Ex Aequo, 2018. p. 34.<\/strong><\/p>\n\n\n\n<p class=\"has-small-font-size\"><strong>Iconographie : Estelle Louise<\/strong><\/p>\n\n\n\n<iframe loading=\"lazy\" allowfullscreen=\"\" src=\"\/\/umap.openstreetmap.fr\/fr\/map\/la-lorraine-des-ecrivains_50581?scaleControl=false&amp;miniMap=false&amp;scrollWheelZoom=false&amp;zoomControl=null&amp;allowEdit=false&amp;moreControl=false&amp;searchControl=null&amp;tilelayersControl=null&amp;embedControl=null&amp;datalayersControl=null&amp;onLoadPanel=undefined&amp;captionBar=false&amp;fullscreenControl=true#20\/48.69193\/6.17900\" width=\"100%\" height=\"300px\" frameborder=\"0\"><\/iframe>\n","protected":false},"excerpt":{"rendered":"<p>Lieu \u00e9voqu\u00e9 : Biblioth\u00e8que Stanislas \u00ab\u00a0La biblioth\u00e8que municipale\u2026 Elle sera \u00e0 pr\u00e9sent un lieu important dans notre histoire. Dans la grande salle de lecture j\u2019ai tout de suite aim\u00e9 les boiseries monumentales sculpt\u00e9es avec leurs rang\u00e9es de livres, la passerelle qui en faisait le tour \u00e0 mi-hauteur, les longues tables [&hellip;]<\/p>\n","protected":false},"author":1,"featured_media":1029,"comment_status":"closed","ping_status":"open","sticky":false,"template":"","format":"standard","meta":[],"categories":[81],"tags":[],"_links":{"self":[{"href":"https:\/\/lalorrainedesecrivains.fr\/index.php?rest_route=\/wp\/v2\/posts\/1028"}],"collection":[{"href":"https:\/\/lalorrainedesecrivains.fr\/index.php?rest_route=\/wp\/v2\/posts"}],"about":[{"href":"https:\/\/lalorrainedesecrivains.fr\/index.php?rest_route=\/wp\/v2\/types\/post"}],"author":[{"embeddable":true,"href":"https:\/\/lalorrainedesecrivains.fr\/index.php?rest_route=\/wp\/v2\/users\/1"}],"replies":[{"embeddable":true,"href":"https:\/\/lalorrainedesecrivains.fr\/index.php?rest_route=%2Fwp%2Fv2%2Fcomments&post=1028"}],"version-history":[{"count":13,"href":"https:\/\/lalorrainedesecrivains.fr\/index.php?rest_route=\/wp\/v2\/posts\/1028\/revisions"}],"predecessor-version":[{"id":5509,"href":"https:\/\/lalorrainedesecrivains.fr\/index.php?rest_route=\/wp\/v2\/posts\/1028\/revisions\/5509"}],"wp:featuredmedia":[{"embeddable":true,"href":"https:\/\/lalorrainedesecrivains.fr\/index.php?rest_route=\/wp\/v2\/media\/1029"}],"wp:attachment":[{"href":"https:\/\/lalorrainedesecrivains.fr\/index.php?rest_route=%2Fwp%2Fv2%2Fmedia&parent=1028"}],"wp:term":[{"taxonomy":"category","embeddable":true,"href":"https:\/\/lalorrainedesecrivains.fr\/index.php?rest_route=%2Fwp%2Fv2%2Fcategories&post=1028"},{"taxonomy":"post_tag","embeddable":true,"href":"https:\/\/lalorrainedesecrivains.fr\/index.php?rest_route=%2Fwp%2Fv2%2Ftags&post=1028"}],"curies":[{"name":"wp","href":"https:\/\/api.w.org\/{rel}","templated":true}]}}